{"id":1368,"date":"2022-07-26T22:03:16","date_gmt":"2022-07-26T20:03:16","guid":{"rendered":"http:\/\/lafenice.varieventuali.it\/?p=1368"},"modified":"2022-07-27T11:33:01","modified_gmt":"2022-07-27T09:33:01","slug":"il-carcere-di-ivrea-raccontato-e-la-giustizia-riparativa-di-gherardo-colombo","status":"publish","type":"post","link":"https:\/\/lafenice.varieventuali.it\/?p=1368","title":{"rendered":"Il carcere di Ivrea raccontato e la giustizia riparativa di Gherardo Colombo"},"content":{"rendered":"\n<p>Finalmente \u00e8 arrivato il momento tanto atteso, un evento che, come redazione La Fenice, avevamo in programma da mesi e che per via del covid \u00e8 stato rimandato, ma in data marted\u00ec 12 luglio 2022 finalmente la Casa Circondariale di Ivrea assieme a vari detenuti e persone esterne quali il Sindaco, i garanti comunali e regionali, Comandante della stazione carabinieri di Ivrea, volontari e tante altre figure hanno partecipato all\u2019incontro con l&#8217;ex Magistrato e ora autore di vari libri sul carcere Gherardo Colombo.<br><\/p>\n\n\n\n<div class=\"wp-block-image\"><figure class=\"alignleft size-large is-resized\"><img loading=\"lazy\" decoding=\"async\" src=\"http:\/\/lafenice.varieventuali.it\/wp-content\/uploads\/2022\/07\/DSCF0915web-1024x683.jpg\" alt=\"\" class=\"wp-image-1369\" width=\"423\" height=\"282\" srcset=\"https:\/\/lafenice.varieventuali.it\/wp-content\/uploads\/2022\/07\/DSCF0915web-1024x683.jpg 1024w, https:\/\/lafenice.varieventuali.it\/wp-content\/uploads\/2022\/07\/DSCF0915web-300x200.jpg 300w, https:\/\/lafenice.varieventuali.it\/wp-content\/uploads\/2022\/07\/DSCF0915web-768x512.jpg 768w, https:\/\/lafenice.varieventuali.it\/wp-content\/uploads\/2022\/07\/DSCF0915web-110x73.jpg 110w, https:\/\/lafenice.varieventuali.it\/wp-content\/uploads\/2022\/07\/DSCF0915web-420x280.jpg 420w, https:\/\/lafenice.varieventuali.it\/wp-content\/uploads\/2022\/07\/DSCF0915web-645x430.jpg 645w, https:\/\/lafenice.varieventuali.it\/wp-content\/uploads\/2022\/07\/DSCF0915web.jpg 1417w\" sizes=\"auto, (max-width: 423px) 100vw, 423px\" \/><\/figure><\/div>\n\n\n\n<p>Colombo ha presentato e raccontato il suo libro &#8220;il perdono responsabile&#8221; per poi ricevere e rispondere alle varie domande ma sopratutto ampliare e spiegare in modo dettagliato la sua visione di giustizia riparativa e non retributiva e la sua visione del carcere come dovrebbe essere e che, come \u00e8 strutturato al giorno d&#8217;oggi, non serve a nulla. Precisiamo che Colombo ad oggi presiede la Cassa Ammende Nazionale per istituire fondi destinati alle carceri per il recupero e il reinserimento dei detenuti.<br>Questo incontro \u00e8 stato molto proficuo dal punto di vista dell&#8217;apertura mentale, ha voluto &#8220;illuminarci&#8221; e farci entrare nella sua ottica, che il male non porta bene, che non si ricambia il male con il male e se anche lo riceviamo bisogna sempre ricambiare con il bene. Ci ha spiegato che nessuno \u00e8 debitore di nessuno facendo il bene ma che semplicemente il bene \u00e8 l&#8217;unico modo per costruire rapporti, fortificarli e creare nuove iniziative \u00e8 che non c&#8217;\u00e8 mai un fine se non un orizzonte immenso dove noi dobbiamo perseverare sempre costantemente e riportare questa visione agli altri.<br>Credo che tutto ci\u00f2 che ci ha detto lo abbiamo appreso e ci ha dato un grande insegnamento anche per migliorare la convivenza tra di noi, per chi ha recepito e vuole mettere in pratica il suo messaggio assolutamente unico e semplicemente vero.<br>In carcere tra noi la verit\u00e0 \u00e8 che si vive di costrizione ma sopratutto se ti viene fatto un torto in automatismo tu ricambi con il torto mentre se noi applicheremo ci\u00f2 che ci \u00e8 stato detto e risponderemo al torto con una &#8220;tesa di mano&#8221; sicuramente la persona che ci ha fatto il torto potrebbe capire non vedendosi retribuito con il male nonostante consapevole di averlo fatto e dunque di fatto ascoltarci e migliorare anche lui e andare sulla retta via illustrata da Colombo.<br>Personalmente a noi questo incontro \u00e8 stato di grande aiuto, ci ha dato una sorta di &#8220;liberazione&#8221; potendo ora davvero mettere in pratica ci\u00f2 che di giusto deve essere fatto e che forse ci saremmo arrivati a questo ragionamento solo con il tempo o forse mai, in ogni caso noi abbiamo appreso a pieno l&#8217;ottica di Colombo e se gi\u00e0 in parte un po&#8217; la mettevamo in pratica ora abbiamo la piena consapevolezza di come questa ottica benevola abbinata molte volte alla fede sia d&#8217;aiuto ma sopratutto salvifica.<br>Questo incontro speriamo sia stato d&#8217;aiuto anche alla Direzione del carcere in quanto esistono anche punizioni retributive all&#8217;interno oltre alla pena gi\u00e0 applicata. Non diciamo che su tutto bisogna sorvolare ma se un gesto errato pu\u00f2 essere semplicemente ripreso e spiegato senza punizione, ci\u00f2 sarebbe molto pi\u00f9 efficace che dare un\u2019ulteriore punizione con i danni che ne conseguono. Ovviamente chi spiega l&#8217;errore deve essere una persona molto esperta ma sopratutto aperta e umana ma dall&#8217;altra parte ovvero quella del detenuto ci deve essere la piena consapevolezza in ci\u00f2 che \u00e8 errato ed essere pronto all&#8217;ascolto e al confronto per far s\u00ec che ci\u00f2 non succeda pi\u00f9 e che si possa percorrere sempre una via migliore. Possiamo dire per esperienza che in questo Istituto Penitenziario gi\u00e0 ci\u00f2 accade, il confronto non \u00e8 basato sulla punizione ma sul rapporto umano e sul dialogo, ci sono tantissime figure partendo da semplici agenti ad assistenti, sottufficiali e infine il Commissario che sono figure molto preparate, sempre disponibili a tenderci la mano per dirigerci sulla retta via e anche se ovviamente non ci nascondiamo ogni tanto &#8220;sbandiamo&#8221; ma loro cercano di ridurre il danno al &#8220;minimo.&#8221;<\/p>\n\n\n\n<div class=\"wp-block-image\"><figure class=\"alignright size-large is-resized\"><img loading=\"lazy\" decoding=\"async\" src=\"http:\/\/lafenice.varieventuali.it\/wp-content\/uploads\/2022\/07\/DSCF0935w-1-1024x683.jpg\" alt=\"\" class=\"wp-image-1371\" width=\"413\" height=\"275\"\/><\/figure><\/div>\n\n\n\n<p><br>Per noi questo \u00e8 davvero tanto e possiamo dire che questo Istituto nonostante sia una Casa Circondariale sotto vari aspetti, ad esempio scuola, corsi professionali e lavoro si avvicina in parte a ci\u00f2 che potrebbe essere una Casa di Reclusione e per l&#8217;operato ripetiamo dagli assistenti, ai sottufficiali, al Commissario si pu\u00f2 avvicinare molto al modello di Bollate per come a noi viene descritto. Quindi questa \u00e8 la testimonianza che noi sulla nostra pelle ed esperienza possiamo riportare oggi dell\u2019&#8217;Istituto di Ivrea.<br>Vorremmo aggiungere che i meriti, i &#8220;gradi&#8221;, secondo noi non dovrebbero essere dati dall&#8217;anzianit\u00e0 ma dal lavoro svolto su ogni singolo detenuto, cosa che qui avviene ogni giorno e per concludere su questo spaccato tutta la polizia penitenziaria qui presente ogni giorno si adopera oltre la loro mansione per rendere a noi sempre il meglio e spronarci sempre a dare il meglio.<br>Infine ringraziamo il dott. Gherardo Colombo per averci dato questa enorme conoscenza del suo pensiero, per aver trovato il tempo di venire a condividere le sue esperienze con noi e per averci trasmesso il bene e come adottarlo.<br>Ringraziamo la nostra responsabile della redazione &#8220;LA FENICE&#8221; Olivia Realis Luc che ogni giorno combatte e si fa in mille per darci nuove opportunit\u00e0 e conoscenze assieme al suo collaboratore Francesco Curzio.<br>Ultima ma non ultima tutta l&#8217;Amministrazione del carcere di Ivrea per concederci cos\u00ec tanti spazi di lavoro, dialogo e per far si che incontri come questo avvenuto siano un prospetto per un futuro pi\u00f9 promettente e con altre possibilit\u00e0 di avere qui con noi nuove figure che potranno darci sempre visioni e consigli per migliorare sempre di pi\u00f9 noi stessi, la nostra convivenza, il rapporto con il carcere e la possibilit\u00e0 di instaurare un utile e fondamentale dialogo con il mondo esterno, nell\u2019ottica di un atteso reinserimento.<br><\/p>\n\n\n\n<p>In collaborazione<br><em>Omar P.<br>Alessandro M.<\/em><\/p>\n\n\n\n<p class=\"has-small-font-size\">Per contattare la Redazione La Fenice o commentare l\u2019articolo scrivi a: redazione.lafenice@varieventuali.it<\/p>\n\n\n\n<p class=\"has-small-font-size\">oppure accedi a Facebook alla pagina La fenice \u2013 Il giornale dal carcere di Ivrea (@lafenice.giornaledalcarcere)<\/p>\n","protected":false},"excerpt":{"rendered":"<p>Finalmente \u00e8 arrivato il momento tanto atteso, un evento che, come redazione La Fenice, avevamo in programma da mesi e che per via del covid \u00e8 stato rimandato, ma in data marted\u00ec 12 luglio 2022 finalmente la Casa Circondariale di Ivrea assieme a vari detenuti e persone esterne quali il Sindaco, i garanti comunali e [&hellip;]<\/p>\n","protected":false},"author":1,"featured_media":1369,"comment_status":"closed","ping_status":"open","sticky":false,"template":"","format":"standard","meta":{"footnotes":""},"categories":[4],"tags":[],"class_list":["post-1368","post","type-post","status-publish","format-standard","has-post-thumbnail","hentry","category-sistema-penale"],"_links":{"self":[{"href":"https:\/\/lafenice.varieventuali.it\/index.php?rest_route=\/wp\/v2\/posts\/1368","targetHints":{"allow":["GET"]}}],"collection":[{"href":"https:\/\/lafenice.varieventuali.it\/index.php?rest_route=\/wp\/v2\/posts"}],"about":[{"href":"https:\/\/lafenice.varieventuali.it\/index.php?rest_route=\/wp\/v2\/types\/post"}],"author":[{"embeddable":true,"href":"https:\/\/lafenice.varieventuali.it\/index.php?rest_route=\/wp\/v2\/users\/1"}],"replies":[{"embeddable":true,"href":"https:\/\/lafenice.varieventuali.it\/index.php?rest_route=%2Fwp%2Fv2%2Fcomments&post=1368"}],"version-history":[{"count":3,"href":"https:\/\/lafenice.varieventuali.it\/index.php?rest_route=\/wp\/v2\/posts\/1368\/revisions"}],"predecessor-version":[{"id":1374,"href":"https:\/\/lafenice.varieventuali.it\/index.php?rest_route=\/wp\/v2\/posts\/1368\/revisions\/1374"}],"wp:featuredmedia":[{"embeddable":true,"href":"https:\/\/lafenice.varieventuali.it\/index.php?rest_route=\/wp\/v2\/media\/1369"}],"wp:attachment":[{"href":"https:\/\/lafenice.varieventuali.it\/index.php?rest_route=%2Fwp%2Fv2%2Fmedia&parent=1368"}],"wp:term":[{"taxonomy":"category","embeddable":true,"href":"https:\/\/lafenice.varieventuali.it\/index.php?rest_route=%2Fwp%2Fv2%2Fcategories&post=1368"},{"taxonomy":"post_tag","embeddable":true,"href":"https:\/\/lafenice.varieventuali.it\/index.php?rest_route=%2Fwp%2Fv2%2Ftags&post=1368"}],"curies":[{"name":"wp","href":"https:\/\/api.w.org\/{rel}","templated":true}]}}