{"id":1501,"date":"2022-11-06T15:01:22","date_gmt":"2022-11-06T14:01:22","guid":{"rendered":"http:\/\/lafenice.varieventuali.it\/?p=1501"},"modified":"2022-11-06T15:08:09","modified_gmt":"2022-11-06T14:08:09","slug":"vittime-e-o-colpevoli","status":"publish","type":"post","link":"https:\/\/lafenice.varieventuali.it\/?p=1501","title":{"rendered":"Vittime e\/o colpevoli"},"content":{"rendered":"\n<p>S\u00ec, abbiamo sicuramente sbagliato qualcosa per essere qua dentro ed \u00e8 \u201cGIUSTO\u201d pagare la pena ma non penso sicuramente sia giusto vivere il tempo dietro le sbarre come un tempo per niente rieducativo che al posto di migliorarti tende a peggiorare e deteriorare la persona.<\/p>\n\n\n\n<p> L\u2019idea che si ha di un detenuto nell&#8217;immagine quotidiana non \u00e8 sempre riscontrabile nei fatti, nella maggior parte vogliamo riscattarci sfruttando le potenzialit\u00e0 dapprima utilizzate nel negativo sfruttandole nel positivo.<br>L&#8217;altro giorno un detenuto ha DOVUTO tagliarsi tutto il corpo tranne il volto con tagli da parte a parte: il torace, le braccia e le gambe erano piene di sangue e minacciava di  tagliarsi un orecchio per poi lanciarlo in sezione, avrebbe potuto farlo semplicemente per essere ascoltato e io in questo articolo voglio essere la sua voce\u2026<br><\/p>\n\n\n\n<div class=\"wp-block-image\"><figure class=\"alignleft size-full is-resized\"><img loading=\"lazy\" decoding=\"async\" src=\"http:\/\/lafenice.varieventuali.it\/wp-content\/uploads\/2022\/11\/stab-30483_960_720.png\" alt=\"\" class=\"wp-image-1502\" width=\"258\" height=\"209\" srcset=\"https:\/\/lafenice.varieventuali.it\/wp-content\/uploads\/2022\/11\/stab-30483_960_720.png 887w, https:\/\/lafenice.varieventuali.it\/wp-content\/uploads\/2022\/11\/stab-30483_960_720-300x244.png 300w, https:\/\/lafenice.varieventuali.it\/wp-content\/uploads\/2022\/11\/stab-30483_960_720-768x623.png 768w, https:\/\/lafenice.varieventuali.it\/wp-content\/uploads\/2022\/11\/stab-30483_960_720-110x89.png 110w, https:\/\/lafenice.varieventuali.it\/wp-content\/uploads\/2022\/11\/stab-30483_960_720-420x341.png 420w, https:\/\/lafenice.varieventuali.it\/wp-content\/uploads\/2022\/11\/stab-30483_960_720-530x430.png 530w\" sizes=\"auto, (max-width: 258px) 100vw, 258px\" \/><\/figure><\/div>\n\n\n\n<p>La voce di persone colpevoli di reato ma vittime perch\u00e9 la possibilit\u00e0 di essere assistiti e ascoltati \u00e8 fondamentale come l&#8217;assistenza sanitaria, l&#8217;igiene, la rieducazione e il reintegro del detenuto nella societ\u00e0.<br>Siamo stanchi di non aver diritti ma solo doveri e l&#8217;unico modo per essere considerati \u00e8 andare oltre!?<br>E&#8217; palese visti gli innumerevoli suicidi e situazioni spiacevoli all&#8217;interno del carcere che qualcosa non funziona e chi patisce non sono solo i detenuti ma pure la polizia penitenziaria di pari passo.<br>L&#8217;appello che vogliamo fare \u00e8 di gettare fondamenta solide e soprattutto valide per un modello istituzionale, nel quale la pena deve essere proporzionale e non abbattere per sempre qualsiasi sogno di una vita fuori. Nel tempo in cui viene emanata una custodia cautelare\/detenzione nella giusta misura deve l&#8217;istituto carcerario adeguarsi per far ottenere al detenuto i diritti che gli spettano con la giusta rieducazione mettendolo in condizione di potersi reintegrare in una societ\u00e0 civile se no \u00e8 inutile lamentarsi di una recidiva troppo alta.<\/p>\n\n\n\n<p> E\u2019 necessario far capire ai magistrati, ma anche alle forze dell&#8217;ordine, che davanti a loro ci sono persone fatte di carne e ossa come loro. Sbagliare \u00e8 umano, quindi non vogliamo essere trattati come carne da macello.<br>Con l&#8217;applicazione di riforme bilanciate si troverebbe a nostro parere un equilibrio, con l&#8217;obbiettivo in comune di abbattere la possibilit\u00e0 di sbagliare commettendo reati di nuovo ma soprattutto vorremmo avere la possibilit\u00e0 di riscattarci, sia all&#8217;interno che all&#8217;esterno.<\/p>\n\n\n\n<p>Ale7<\/p>\n\n\n\n<p>Per contattare la Redazione La Fenice o commentare l\u2019articolo scrivi a &nbsp;<a href=\"mailto:redazione.lafenice@varieventuali.it\">redazione.lafenice@varieventuali.it<\/a>&nbsp;oppure accedi a Facebook alla pagina \u201cLa Fenice \u2013 Il giornale dal carcere di Ivrea\u201d<\/p>\n","protected":false},"excerpt":{"rendered":"<p>S\u00ec, abbiamo sicuramente sbagliato qualcosa per essere qua dentro ed \u00e8 \u201cGIUSTO\u201d pagare la pena ma non penso sicuramente sia giusto vivere il tempo dietro le sbarre come un tempo per niente rieducativo che al posto di migliorarti tende a peggiorare e deteriorare la persona. L\u2019idea che si ha di un detenuto nell&#8217;immagine quotidiana non [&hellip;]<\/p>\n","protected":false},"author":1,"featured_media":1502,"comment_status":"closed","ping_status":"open","sticky":false,"template":"","format":"standard","meta":{"footnotes":""},"categories":[1],"tags":[],"class_list":["post-1501","post","type-post","status-publish","format-standard","has-post-thumbnail","hentry","category-senza-categoria"],"_links":{"self":[{"href":"https:\/\/lafenice.varieventuali.it\/index.php?rest_route=\/wp\/v2\/posts\/1501","targetHints":{"allow":["GET"]}}],"collection":[{"href":"https:\/\/lafenice.varieventuali.it\/index.php?rest_route=\/wp\/v2\/posts"}],"about":[{"href":"https:\/\/lafenice.varieventuali.it\/index.php?rest_route=\/wp\/v2\/types\/post"}],"author":[{"embeddable":true,"href":"https:\/\/lafenice.varieventuali.it\/index.php?rest_route=\/wp\/v2\/users\/1"}],"replies":[{"embeddable":true,"href":"https:\/\/lafenice.varieventuali.it\/index.php?rest_route=%2Fwp%2Fv2%2Fcomments&post=1501"}],"version-history":[{"count":3,"href":"https:\/\/lafenice.varieventuali.it\/index.php?rest_route=\/wp\/v2\/posts\/1501\/revisions"}],"predecessor-version":[{"id":1506,"href":"https:\/\/lafenice.varieventuali.it\/index.php?rest_route=\/wp\/v2\/posts\/1501\/revisions\/1506"}],"wp:featuredmedia":[{"embeddable":true,"href":"https:\/\/lafenice.varieventuali.it\/index.php?rest_route=\/wp\/v2\/media\/1502"}],"wp:attachment":[{"href":"https:\/\/lafenice.varieventuali.it\/index.php?rest_route=%2Fwp%2Fv2%2Fmedia&parent=1501"}],"wp:term":[{"taxonomy":"category","embeddable":true,"href":"https:\/\/lafenice.varieventuali.it\/index.php?rest_route=%2Fwp%2Fv2%2Fcategories&post=1501"},{"taxonomy":"post_tag","embeddable":true,"href":"https:\/\/lafenice.varieventuali.it\/index.php?rest_route=%2Fwp%2Fv2%2Ftags&post=1501"}],"curies":[{"name":"wp","href":"https:\/\/api.w.org\/{rel}","templated":true}]}}