{"id":1568,"date":"2022-12-12T17:03:35","date_gmt":"2022-12-12T16:03:35","guid":{"rendered":"http:\/\/lafenice.varieventuali.it\/?p=1568"},"modified":"2022-12-14T10:25:36","modified_gmt":"2022-12-14T09:25:36","slug":"non-facciamo-di-tutta-lerba-un-fascio","status":"publish","type":"post","link":"https:\/\/lafenice.varieventuali.it\/?p=1568","title":{"rendered":"Non facciamo di tutta l&#8217;erba un fascio"},"content":{"rendered":"\n<p>I redattori della Fenice vogliono intervenire sulle vicende che hanno recentemente scosso il Carcere di Ivrea. Non tutti gli Agenti sono uguali, quelli al II piano si adoperano per i bisogni dei detenuti.<\/p>\n\n\n\n<figure class=\"wp-block-image size-full\"><img loading=\"lazy\" decoding=\"async\" width=\"852\" height=\"161\" src=\"http:\/\/lafenice.varieventuali.it\/wp-content\/uploads\/2022\/12\/tor.jpg\" alt=\"\" class=\"wp-image-1569\" srcset=\"https:\/\/lafenice.varieventuali.it\/wp-content\/uploads\/2022\/12\/tor.jpg 852w, https:\/\/lafenice.varieventuali.it\/wp-content\/uploads\/2022\/12\/tor-300x57.jpg 300w, https:\/\/lafenice.varieventuali.it\/wp-content\/uploads\/2022\/12\/tor-768x145.jpg 768w, https:\/\/lafenice.varieventuali.it\/wp-content\/uploads\/2022\/12\/tor-110x21.jpg 110w, https:\/\/lafenice.varieventuali.it\/wp-content\/uploads\/2022\/12\/tor-420x79.jpg 420w, https:\/\/lafenice.varieventuali.it\/wp-content\/uploads\/2022\/12\/tor-770x146.jpg 770w\" sizes=\"auto, (max-width: 852px) 100vw, 852px\" \/><\/figure>\n\n\n\n<p>Iniziava cos\u00ec la nostra giornata di mercoled\u00ec 23 novembre, e ora a quasi due settimane di distanza questi brutti fatti ancora ci tormentano.<\/p>\n\n\n\n<p>Vorrei subito dirvi che <strong>noi detenuti del 2\u00b0 piano lato SX e DX abbiamo fatto una raccolta firme su iniziativa del sottoscritto ed altri compagni di redazione, sul semplice fatto di firmare a favore di chi con queste violenze degli agenti penitenziari non c&#8217;entra nulla, ovvero proprio gli Agenti, Assistenti, Assistenti scelti e Assistenti capo ma anche Comandanti, Ispettori e Brigadieri di questo piano che non hanno mai avuto o posto in essere fatti di violenza contro noi detenuti del 2\u00b0piano.<\/strong><\/p>\n\n\n\n<p><strong>La raccolta firma a favore di questi appartenenti alla Polizia Penitenziario ha avuto un ottimo riscontro ovvero hanno firmato tutti i detenuti del 2\u00b0 lato SX e DX.<\/strong><\/p>\n\n\n\n<p>Questo ho voluto specificarlo soprattutto per farvi capire come sempre non bisogna fare di tutta un erba un fascio e assolutamente anche per tranquillizzare tutte le famiglie e amici dei detenuti appartenenti al su indicato piano detentivo, di stare tranquilli perch\u00e9 non abbiamo mai subito alcuna tortura, questo ci tenevo a specificarlo, anzi molte volte con noi gli Agenti del piano dove siamo ristretti si spogliano addirittura della divisa per parlare e confrontarsi con noi da uomo a uomo e non da poliziotto a detenuto, fanno la parte di psicologi ed educatori, si caricano addosso i problemi di noi detenuti e portano sempre a termine le nostre richieste. Questo anche per dire che non \u00e8 giusto che un giornale possa generalizzare chiamando questo carcere denominandolo &#8220;carcere delle torture&#8221;, perch\u00e9 cosi non \u00e8, almeno per quello che riguarda tutto il 2\u00b0 piano, i suoi Agenti e i suoi Vertici.<\/p>\n\n\n\n<p>Non mi sento neanche di smentire per\u00f2 che negli altri piani detentivi si siano verificati veramente degli episodi di violenza, penso sia improbabile ma possibile nel limite di qualche eccessiva violenza ma non credo a vere e proprie torture. Poi c\u2019\u00e8 da dire che gli Assistenti e Assistenti scelti sono quelli che hanno pi\u00f9 contatto con noi detenuti a differenza di Ispettori, Comandante, Brigadieri ecc\u2026<\/p>\n\n\n\n<p>E vorrei quindi aggiungere che in questo carcere gli Agenti sono spesso vittime di detenuti violenti i quali non rispettando in alcun modo n\u00e9 la divisa n\u00e9 l\u2019autorit\u00e0 e nemmeno le regole basilari che ci sono all\u2019interno di un carcere, rendono molto pi\u00f9 difficile quello che dovrebbe essere il lavoro degli Assistenti. Molti di loro, giovani alla prima esperienza carceraria, si prendono sputi addosso, minacce e in alcuni casi anche botte senza poter reagire per non incappare in situazioni come quelle descritte dai giornali, e non essere accusati di violenze e torture.<\/p>\n\n\n<div class=\"wp-block-image\">\n<figure class=\"alignright size-full is-resized\"><img loading=\"lazy\" decoding=\"async\" src=\"http:\/\/lafenice.varieventuali.it\/wp-content\/uploads\/2022\/12\/2.jpg\" alt=\"\" class=\"wp-image-1570\" width=\"249\" height=\"428\" srcset=\"https:\/\/lafenice.varieventuali.it\/wp-content\/uploads\/2022\/12\/2.jpg 332w, https:\/\/lafenice.varieventuali.it\/wp-content\/uploads\/2022\/12\/2-175x300.jpg 175w, https:\/\/lafenice.varieventuali.it\/wp-content\/uploads\/2022\/12\/2-64x110.jpg 64w, https:\/\/lafenice.varieventuali.it\/wp-content\/uploads\/2022\/12\/2-245x420.jpg 245w, https:\/\/lafenice.varieventuali.it\/wp-content\/uploads\/2022\/12\/2-250x430.jpg 250w\" sizes=\"auto, (max-width: 249px) 100vw, 249px\" \/><\/figure>\n<\/div>\n\n\n<p>Io sono per la verit\u00e0, sempre e in ogni caso, qui non ci troviamo al carcere di Torino dove veramente queste cose succedevano come descritto anche dal sottoscritto in alcuni miei articoli scorsi, ma non mi sembra il caso del carcere di Ivrea.<\/p>\n\n\n\n<p>Da bambino giocavo a guardie e ladri e io ero sempre il ladro quindi anche dalla parte del ladro in ogni caso, so anche che magari questo mio articolo potr\u00e0 suscitare fastidio tra gli altri detenuti pensando che magari gli Assistenti vedendo un brutto fatto non lo denuncerebbero per non fare passare un guaio all\u2019amico collega.<\/p>\n\n\n\n<p> Ma io mi distinguo da questi detenuti e questi Agenti che fanno della falsit\u00e0 la loro bandiera di vita. Io no, sono onesto, anche se questo vuol dire difendere degli Agenti di Polizia Penitenziaria che mi tengono sottochiave, ma non \u00e8 certo colpa loro, se sono qui \u00e8 perch\u00e9 l\u2019ho voluto io come tutti gli altri detenuti.<\/p>\n\n\n\n<p>E se con questo mio scritto dovr\u00f2 andare contro quello che vuole la Societ\u00e0 di oggi che ci vuole ancora tutti attori di quel gioco che facevamo da piccoli, mi assumer\u00f2 le mie responsabilit\u00e0, ma non siamo pi\u00f9 piccoli, quindi se c\u2019\u00e8 da dire la verit\u00e0 su una \u201cguardia\u201d o su di un \u201cladro\u201d io lo faccio senza che mi impauriscano le conseguenze, perch\u00e9 chi \u00e8 nella verit\u00e0 non dovrebbe mai temere, ma so anche che siamo in Italia e quindi so benissimo che non si pu\u00f2 volere tutto dalla vita. Ma resto comunque fedele ai miei valori e principi che, nonostante le mie scelte, mia madre \u00e8 riuscita a insegnarmi.<\/p>\n\n\n\n<p>Non esiste che io facendo il delinquente devo negare la verit\u00e0 solo per difendere qualcuno che magari in alcuni casi ingrandisce o calunnia altre persone. Senza pensare alle conseguenze che le sue parole e azioni possano portare.<\/p>\n\n\n\n<p>Con questo non voglio difendere chi ha sbagliato, assolutamente, anzi penso sia giusto che paghino come ognuno di noi qui dentro paga per i propri sbagli, ma volevo essere la voce del carcere di chi lo vive che spiega un po&#8217; meglio come stanno le cose e non come alcuni giornali che senza neanche sapere cosa voglia dire stare in carcere, si inventano titoli e soprannomi che si usavano forse in tempo di guerra. Questo si chiama <strong>terrorismo psicologico, <\/strong>non si chiama di certo fare informazione.<\/p>\n\n\n\n<p>No, perch\u00e9 mia nonna e mia madre leggendo quei titoli si sono messe a piangere pensando a chiss\u00e0 cosa stessi passando io qui dentro. Il solo fatto che sono libero di scrivere ci\u00f2 che voglio \u00e8 la prova che almeno qui al 2\u00b0 piano questi atti di violenze o torture non sono mai avvenute.<\/p>\n\n\n\n<p>Se poi verremo a sapere che negli altri piani effettivamente ci sono stati questi episodi allora io sar\u00f2 dalla parte della verit\u00e0 anche in quel caso. Voglio precisare che il cosiddetto Acquario non viene utilizzato per fare quello che descrivono i giornali, ma anzi \u00e8 una semplice sala d\u2019aspetto per poi recarsi in infermeria a visita medica. Quindi nel famoso acquario nessuno di noi del 2\u00b0 piano ha mai passato giorni interi o chiss\u00e0 quali abusi.<\/p>\n\n\n\n<p>Siamo grandi, \u00e8 ora di smettere di giocare a GUARDIE E LADRI e i giornali devono finirla di fomentare queste cose perch\u00e9 non fanno altro che spaventare le famiglie dei detenuti e degli agenti che si preoccupano il pi\u00f9 delle volte, come in questo caso, senza motivo.<\/p>\n\n\n\n<p>Spero di essere riuscito a mandare il messaggio giusto e voglio solo aggiungere che chi ha sbagliato in questa vicenda deve pagare come giusto che sia, ma fare di tutta un erba un fascio non \u00e8 mai bello. Sarebbe come dire che ormai tutti i giornalisti non informano pi\u00f9 ma fanno pi\u00f9 propriamente terrorismo psicologico o propaganda vendendosi come prostitute. Tornate piuttosto ad informare veramente gli Italiani con i veri problemi di cui \u00e8 piena l\u2019Italia, il bel paese dove non hai opportunit\u00e0 se non fai parte di una qualche grande famiglia o di una Mafia.<\/p>\n\n\n\n<p> Ciao a tutti.<\/p>\n\n\n\n<p><strong><em>VALERIO con la collaborazione di OMAR<\/em><\/strong><\/p>\n","protected":false},"excerpt":{"rendered":"<p>I redattori della Fenice vogliono intervenire sulle vicende che hanno recentemente scosso il Carcere di Ivrea. Non tutti gli Agenti sono uguali, quelli al II piano si adoperano per i bisogni dei detenuti. Iniziava cos\u00ec la nostra giornata di mercoled\u00ec 23 novembre, e ora a quasi due settimane di distanza questi brutti fatti ancora ci [&hellip;]<\/p>\n","protected":false},"author":1,"featured_media":1569,"comment_status":"closed","ping_status":"open","sticky":false,"template":"","format":"standard","meta":{"footnotes":""},"categories":[10],"tags":[],"class_list":["post-1568","post","type-post","status-publish","format-standard","has-post-thumbnail","hentry","category-vita-in-carcere"],"_links":{"self":[{"href":"https:\/\/lafenice.varieventuali.it\/index.php?rest_route=\/wp\/v2\/posts\/1568","targetHints":{"allow":["GET"]}}],"collection":[{"href":"https:\/\/lafenice.varieventuali.it\/index.php?rest_route=\/wp\/v2\/posts"}],"about":[{"href":"https:\/\/lafenice.varieventuali.it\/index.php?rest_route=\/wp\/v2\/types\/post"}],"author":[{"embeddable":true,"href":"https:\/\/lafenice.varieventuali.it\/index.php?rest_route=\/wp\/v2\/users\/1"}],"replies":[{"embeddable":true,"href":"https:\/\/lafenice.varieventuali.it\/index.php?rest_route=%2Fwp%2Fv2%2Fcomments&post=1568"}],"version-history":[{"count":2,"href":"https:\/\/lafenice.varieventuali.it\/index.php?rest_route=\/wp\/v2\/posts\/1568\/revisions"}],"predecessor-version":[{"id":1579,"href":"https:\/\/lafenice.varieventuali.it\/index.php?rest_route=\/wp\/v2\/posts\/1568\/revisions\/1579"}],"wp:featuredmedia":[{"embeddable":true,"href":"https:\/\/lafenice.varieventuali.it\/index.php?rest_route=\/wp\/v2\/media\/1569"}],"wp:attachment":[{"href":"https:\/\/lafenice.varieventuali.it\/index.php?rest_route=%2Fwp%2Fv2%2Fmedia&parent=1568"}],"wp:term":[{"taxonomy":"category","embeddable":true,"href":"https:\/\/lafenice.varieventuali.it\/index.php?rest_route=%2Fwp%2Fv2%2Fcategories&post=1568"},{"taxonomy":"post_tag","embeddable":true,"href":"https:\/\/lafenice.varieventuali.it\/index.php?rest_route=%2Fwp%2Fv2%2Ftags&post=1568"}],"curies":[{"name":"wp","href":"https:\/\/api.w.org\/{rel}","templated":true}]}}