{"id":1596,"date":"2022-12-28T12:21:27","date_gmt":"2022-12-28T11:21:27","guid":{"rendered":"http:\/\/lafenice.varieventuali.it\/?p=1596"},"modified":"2022-12-28T12:23:13","modified_gmt":"2022-12-28T11:23:13","slug":"la-redazione-intervista-il-garante-dei-detenuti-della-casa-circondariale-di-ivrea-raffaele-orso-giacone","status":"publish","type":"post","link":"https:\/\/lafenice.varieventuali.it\/?p=1596","title":{"rendered":"La redazione intervista il Garante dei detenuti della casa Circondariale di Ivrea, Raffaele Orso Giacone"},"content":{"rendered":"\n<p><strong>In cosa consiste esattamente il suo lavoro da Garante?<\/strong><br>Non \u00e8 una cosa definita in modo perfetto e preciso, non ho un listino delle spesa. Credo che la mia mansione sia osservare e prendere consapevolezza delle cose che succedono in carcere e cercare di far rispettare i diritti fondamentali dei detenuti.&nbsp; La vita in carcere non \u00e8 decente, a causa della struttura e anche di alcuni trattamenti che vanno contro il buonsenso, su alcune cose posso agire anche denunciando e su altre cose cerco di parlarne con le persone interessate. Posso fare denunce ai giornali ma anche al Presidente della Repubblica e al Comune di Ivrea. Io sono stato nominato dal Consiglio comunale di Ivrea, concretamente cerco di far arrivare i documenti e le varie problematiche dei detenuti agli organi preposti a risolverle.<\/p>\n\n\n<div class=\"wp-block-image\">\n<figure class=\"alignright size-full is-resized\"><img loading=\"lazy\" decoding=\"async\" src=\"http:\/\/lafenice.varieventuali.it\/wp-content\/uploads\/2022\/12\/orso-nome.jpg\" alt=\"\" class=\"wp-image-1597\" width=\"284\" height=\"262\" srcset=\"https:\/\/lafenice.varieventuali.it\/wp-content\/uploads\/2022\/12\/orso-nome.jpg 499w, https:\/\/lafenice.varieventuali.it\/wp-content\/uploads\/2022\/12\/orso-nome-300x277.jpg 300w, https:\/\/lafenice.varieventuali.it\/wp-content\/uploads\/2022\/12\/orso-nome-110x101.jpg 110w, https:\/\/lafenice.varieventuali.it\/wp-content\/uploads\/2022\/12\/orso-nome-420x387.jpg 420w, https:\/\/lafenice.varieventuali.it\/wp-content\/uploads\/2022\/12\/orso-nome-466x430.jpg 466w\" sizes=\"auto, (max-width: 284px) 100vw, 284px\" \/><figcaption class=\"wp-element-caption\">Raffaele Orso Giacone<\/figcaption><\/figure>\n<\/div>\n\n\n<p><strong>Quali sono le cose primarie che con il suo lavoro dovrebbe garantire?<\/strong><br>Non ho mai pensato a una gerarchia, dove si vede la violenza si denuncia (a tutti i livelli ), sia che venga messa in atto da persone sia dalla struttura. Poi denunciare anche la mancanza dei requisiti di vita basilari, se fa freddo e se fa caldo, ecc&#8230; La salute \u00e8 il pi\u00f9 grosso problema, si cerca di denunciare la mancanza di assistenza sanitaria e molte altre cose indispensabili come i colloqui , il rapporto con l\u2019esterno che mi piacerebbe fosse pi\u00f9 collegabile con l\u2019interno. La cosa pi\u00f9 importante che manca in questo carcere \u00e8 &nbsp;il lavoro, l\u2019altra cosa che manca \u00e8 il collegamento con quelli che escono che si ritrovano senza punti di riferimento. Mi piace fare in modo che ognuno di noi trovi la propria felicit\u00e0 anche con la scuola, \u00e8 una cosa importante la scuola per lo sviluppo della persona.<\/p>\n\n\n\n<p><br><strong>Perch\u00e9 il pi\u00f9 delle volte nelle varie carceri la figura del Garante \u00e8 paragonabile ad una utopia?<\/strong><br>E\u2019 un po\u2019 difficile rispondere a questa domanda. In molti posti i garanti fanno in modo che tutto questo funzioni. Qui ad Ivrea le cose sono molto pi\u00f9 complicate.<\/p>\n\n\n\n<p><br><strong>Tra le responsabilit\u00e0 che investono la sua figura, vi \u00e8 anche quella del vitto e del sopravvitto?<\/strong><br>Potrebbe esserlo ma non l\u2019ho mai fatto non sono mai andato a fondo della questione, immagino che ci siano delle regole precise e degli organismi preposti all\u2019osservanza di queste regole.<\/p>\n\n\n\n<p><br><strong>Cosa l\u2019ha spinta a scegliere di intraprendere il lavoro da Garante dei Detenuti?<\/strong><br>Io vengo in carcere come volontario dal 2002- 2003, sono circa 20 anni, ma ho sempre fatto il volontario legato al vecchio gruppo dei volontari di una volta. Ora mancava il garante e tutto sommato mi interessava il &nbsp;lavoro pubblico sempre per volontariato e mi piaceva essere in contatto con le persone, mi piaceva essere riconosciuto per il lavoro che facevo e per l\u2019aiuto che davo. La motivazione di fondo \u00e8: &nbsp;meglio io che un altro e ho pensato di avere le carte in regola per fare questo tipo di lavoro.<\/p>\n\n\n\n<p><br><strong>Secondo lei ai detenuti serve necessariamente la figura di un Garante?<\/strong><br>Mi piacerebbe che non servisse, sarebbe il mondo ideale quello dove il carcere non ha bisogno n\u00e8 di un garante n\u00e8 di una commissione di garanzia, cosi come mi piacerebbe un mondo senza carcere.<\/p>\n\n\n\n<p><br><strong>Perch\u00e9 secondo lei molto spesso i diritti dei detenuti vengono ignorati e talvolta violati, se esiste la figura del Garante che dovrebbe appunto garantire che questi diritti vengano rispettati?<\/strong><br>Il garante non \u00e8 il padreterno, \u00e8 stata una sorpresa scoprire delle ultime denunce qui, io ho avvicinato le persone che hanno denunciato e sono rimasto sorpreso per questo tipo di denuncia, pi\u00f9 che altro per la denuncia che \u00e8 avvenuta sotto nel reparto isolamento che mi diceva che andava tutto bene. Adesso io non so chi abbia ragione e mi astengo dal giudicare, le ingiustizie avvengono perch\u00e9 ci sono le persone e le persone sbagliano e il garante non pu\u00f2 impedire che questo accada o non accada.<\/p>\n\n\n\n<p><br><strong>Perch\u00e9 i diritti fondamentali di ogni detenuto cos\u00ec come i doveri, non vengono espressamente citati all\u2019ingresso in carcere cosicch\u00e9 ogni detenuto possa sapere come comportarsi, a chi rivolgersi ecc \u2026 invece che scoprirlo dai compagni di sezione col tempo?<\/strong><br>Dovreste essere forniti appena entrati di regolamento e indicazioni precise, questo \u00e8 vero. Bisognerebbe che appena in carcere foste dotati di questo regolamento, sarebbe interessante all\u2019ingresso compilare insieme una carta dei diritti e dei doveri dei detenuti.<\/p>\n\n\n\n<p><br><strong>Quali sono le iniziative pi\u00f9 importanti, secondo lei, da intraprendere in questo carcere per migliorare la vita dei detenuti ivi ristretti, tali da migliorare anche il rispetto e attuazione dei diritti di questi ultimi?<\/strong><br>Su questa domanda permettetemi di leggere la mia relazione\u2026..(CI LEGGE LA SUA RELAZIONE).<\/p>\n\n\n\n<p><br><strong>Quali sono le cose a suo avviso che al giorno d\u2019oggi, anno 2022, dovrebbero cambiare nelle &nbsp;carceri italiane?<\/strong><br>Sono diverse: investire nelle &nbsp;strutture, in persone e in strutture intermedie perch\u00e9 ci sia pi\u00f9 umanit\u00e0, pi\u00f9 applicazione della Costituzione a tutti i livelli, sarebbe molto importante che ci fossero delle figure &nbsp;professionali nelle varie strutture preposte alle varie tappe della carcerazione, per la carcerazione domiciliare, per il covid. Ci sono molti garanti che stanno scioperando perch\u00e9 questo si sappia e perch\u00e9 la struttura funzioni.<\/p>\n\n\n\n<p><br><strong>Quali sono le sue potenzialit\u00e0, ovvero fin dove si pu\u00f2 spingere per garantire i diritti dei detenuti?<\/strong><br>Mi blocca da una parte il buonsenso ovvero cerco di non fare battaglie contro i mulini a vento. Sono anche pigro ma non mi blocca questo, mi blocca il non &nbsp;trovare soluzioni pratiche, per\u00f2 per il resto cerco di impegnarmi per le cose fattibili che posso fare, cerco di impegnarmi affinch\u00e8 ci siano persone che portino avanti i diritti dei detenuti, quindi coinvolgo volontari e strutture e questo non \u00e8 n\u00e9 facile n\u00e9 immediato.<br>Rilevo problemi e ne denuncio l\u2019esistenza ai vertici. Alcuni problemi sono irrisolvibili. Non posso risolvere la mancanza di Educatori e Direttori o ridurre attivit\u00e0 burocratiche e altre cose di questo tipo, non posso risolvere tutti i problemi e soprattutto non posso farlo di prepotenza ma ritengo che la comunicazione sia ancora l\u2019arma pi\u00f9 efficace per la soluzione dei vari problemi.<br>Faccio fatica ad andare avanti con &nbsp;obbiettivi forti e lunghi, sono modesto e cerco di risolvere i problemi via via che li trovo, il mio primo impegno \u00e8 stato conoscere il carcere in quanto tale, sto cercando di navigare a vista per cercare di conoscere meglio tutti gli organi qui dentro e i detenuti. Gli obbiettivi sono quelli di mettere in contatto il mondo esterno con quello interno, questo \u00e8 l\u2019obiettivo fondamentale.<\/p>\n\n\n\n<p><br><strong>Pu\u00f2 affermare senza il minimo dubbio che fino ad oggi abbia operato al meglio per garantire i diritti dei detenuti?<\/strong><br>Non credo, ho fatto quello che potevo ma avrei potuto fare molto di pi\u00f9, molte cose non le ho fatte perch\u00e9 bene o male faccio anche un altro lavoro e sono anche vecchietto, faccio quello che posso, non sono Superman.<\/p>\n\n\n\n<p><br><strong>E\u2019 mai sceso a compromessi con i vertici per questioni spinose riguardanti i diritti fondamentali dei detenuti?<\/strong><br>Fondamentalmente no, non me l\u2019hanno mai proposto e non mi hanno mai comprato perch\u00e9 non hanno nulla da comprare, fino ad adesso ho sempre detto quello che pensavo. Se mi trovo davanti ad un\u2019autorit\u00e0 violenta mi adatto alla situazione che mi trovo davanti, &nbsp;comunque ho sempre cercato di avere buoni rapporti con i giornali e con l\u2019opinione pubblica, questa \u00e8 l\u2019arma pi\u00f9 potente che ho a disposizione.<\/p>\n\n\n\n<p><br><strong>Sarebbe a favore di un ipotetico inserimento nell\u2019ordinamento penitenziario di \u201ccolloqui coniugali\u201d e\/o comunque colloqui finalizzati all\u2019affettivit\u00e0 tra i detenuti e le proprie compagne, mogli, fidanzate? (domanda utopica)<\/strong><br>Sicuramente si, ma questa \u00e8 una cosa che gi\u00e0 da tempo stiamo cercando di portare avanti, anche con un film intitolato: \u201cun ora d\u2019amore\u201d, iniziativa intrapresa con la direttrice di Bollate e con i volontari di Ivrea. Penso sia importante non spezzare l&#8217;intimit\u00e0 tra detenuto e famiglia, \u00e8 anche vero che il sesso realizza le persone.<\/p>\n\n\n\n<p><br><strong>Se s\u00ec, sarebbe favorevole a fare in modo che anche quei detenuti che non hanno fidanzate, compagne , mogli, possano effettuare \u201ccolloqui affettivi\u201d con delle escort pagate dai detenuti stessi che sentono il bisogno di una cosa come il sesso e affettivit\u00e0 in genere che sono parte fondamentale della vita di ogni individuo. Detenuti compresi. Come succede in tantissimi altri paesi? (domanda utopica)<\/strong><br>Sul sesso a pagamento sarei d\u2019accordo compatibilmente con la legge, purch\u00e9 non si cada appunto nello sfruttamento della prostituzione.<\/p>\n\n\n\n<p><br><strong>Cosa ne pensa comunque in merito all\u2019argomento sopra citato, le sembra giusto che un detenuto sposato o non che magari deve scontare una condanna lunga, venga privato per anni dal contatto con la moglie e\/o escort? (domanda utopica<\/strong>)<br>E\u2019 disumano ma non saprei come risolverlo, come Garante dei detenuti sono favorevole a questo tipo di rapporti.<\/p>\n\n\n\n<p><br><strong> Nei casi in cui il detenuto abbia moglie sarebbe un modo per non rovinare la famiglia da possibili inconvenienti in materia di tradimenti, non \u00e8 d\u2019accordo? (domanda utopica)<\/strong><br>Si, sono d\u2019accordo, ma la cosa \u00e8 molto pi\u00f9 complessa, molto spesso i rapporti della famiglia sono rovinati da altre cose e non dalla mancanza del sesso, il problema non \u00e8 cosi semplice.<\/p>\n\n\n\n<p><\/p>\n\n\n\n<figure class=\"wp-block-image size-full\"><img loading=\"lazy\" decoding=\"async\" width=\"278\" height=\"116\" src=\"http:\/\/lafenice.varieventuali.it\/wp-content\/uploads\/2018\/12\/cropped-Logoscritta.jpg\" alt=\"\" class=\"wp-image-120\" srcset=\"https:\/\/lafenice.varieventuali.it\/wp-content\/uploads\/2018\/12\/cropped-Logoscritta.jpg 278w, https:\/\/lafenice.varieventuali.it\/wp-content\/uploads\/2018\/12\/cropped-Logoscritta-110x46.jpg 110w\" sizes=\"auto, (max-width: 278px) 100vw, 278px\" \/><\/figure>\n\n\n\n<p>Per contattare la Redazione La Fenice o commentare l\u2019articolo scrivi a &nbsp;<a href=\"mailto:redazione.lafenice@varieventuali.it\">redazione.lafenice@varieventuali.it<\/a>&nbsp;oppure accedi a Facebook alla pagina \u201cLa Fenice \u2013 Il giornale dal carcere di Ivrea\u201d<\/p>\n","protected":false},"excerpt":{"rendered":"<p>In cosa consiste esattamente il suo lavoro da Garante?Non \u00e8 una cosa definita in modo perfetto e preciso, non ho un listino delle spesa. Credo che la mia mansione sia osservare e prendere consapevolezza delle cose che succedono in carcere e cercare di far rispettare i diritti fondamentali dei detenuti.&nbsp; La vita in carcere non [&hellip;]<\/p>\n","protected":false},"author":1,"featured_media":120,"comment_status":"closed","ping_status":"open","sticky":false,"template":"","format":"standard","meta":{"footnotes":""},"categories":[1,4],"tags":[],"class_list":["post-1596","post","type-post","status-publish","format-standard","has-post-thumbnail","hentry","category-senza-categoria","category-sistema-penale"],"_links":{"self":[{"href":"https:\/\/lafenice.varieventuali.it\/index.php?rest_route=\/wp\/v2\/posts\/1596","targetHints":{"allow":["GET"]}}],"collection":[{"href":"https:\/\/lafenice.varieventuali.it\/index.php?rest_route=\/wp\/v2\/posts"}],"about":[{"href":"https:\/\/lafenice.varieventuali.it\/index.php?rest_route=\/wp\/v2\/types\/post"}],"author":[{"embeddable":true,"href":"https:\/\/lafenice.varieventuali.it\/index.php?rest_route=\/wp\/v2\/users\/1"}],"replies":[{"embeddable":true,"href":"https:\/\/lafenice.varieventuali.it\/index.php?rest_route=%2Fwp%2Fv2%2Fcomments&post=1596"}],"version-history":[{"count":2,"href":"https:\/\/lafenice.varieventuali.it\/index.php?rest_route=\/wp\/v2\/posts\/1596\/revisions"}],"predecessor-version":[{"id":1599,"href":"https:\/\/lafenice.varieventuali.it\/index.php?rest_route=\/wp\/v2\/posts\/1596\/revisions\/1599"}],"wp:featuredmedia":[{"embeddable":true,"href":"https:\/\/lafenice.varieventuali.it\/index.php?rest_route=\/wp\/v2\/media\/120"}],"wp:attachment":[{"href":"https:\/\/lafenice.varieventuali.it\/index.php?rest_route=%2Fwp%2Fv2%2Fmedia&parent=1596"}],"wp:term":[{"taxonomy":"category","embeddable":true,"href":"https:\/\/lafenice.varieventuali.it\/index.php?rest_route=%2Fwp%2Fv2%2Fcategories&post=1596"},{"taxonomy":"post_tag","embeddable":true,"href":"https:\/\/lafenice.varieventuali.it\/index.php?rest_route=%2Fwp%2Fv2%2Ftags&post=1596"}],"curies":[{"name":"wp","href":"https:\/\/api.w.org\/{rel}","templated":true}]}}