{"id":2172,"date":"2024-09-18T14:38:26","date_gmt":"2024-09-18T12:38:26","guid":{"rendered":"https:\/\/lafenice.varieventuali.it\/?p=2172"},"modified":"2024-09-18T14:38:27","modified_gmt":"2024-09-18T12:38:27","slug":"come-vediamo-la-riforma-carceri","status":"publish","type":"post","link":"https:\/\/lafenice.varieventuali.it\/?p=2172","title":{"rendered":"Come vediamo la riforma carceri"},"content":{"rendered":"\n<p>Se andiamo a vedere questa famosa \u201cRiforma Carceri\u201d, almeno cos\u00ec la chiamano i nostri politici, \u00e8 un nulla di fatto, perch\u00e8 ?<\/p>\n\n\n\n<p>Semplice, tutto viene fatto solo per farsi pubblicit\u00e0, il che significa non hanno fatto niente per il sovraffollamento delle strutture carcerarie , mi spiego un po&#8217; meglio: Il\u00a0<strong>loro<\/strong>\u00a0obbiettivo , da come dicono, sarebbe di svuotare le carceri. In che modo?<\/p>\n\n\n<div class=\"wp-block-image\">\n<figure class=\"alignleft size-full is-resized\"><img loading=\"lazy\" decoding=\"async\" width=\"268\" height=\"188\" src=\"https:\/\/lafenice.varieventuali.it\/wp-content\/uploads\/2024\/09\/download-4.jpg\" alt=\"\" class=\"wp-image-2173\" style=\"width:356px;height:auto\" srcset=\"https:\/\/lafenice.varieventuali.it\/wp-content\/uploads\/2024\/09\/download-4.jpg 268w, https:\/\/lafenice.varieventuali.it\/wp-content\/uploads\/2024\/09\/download-4-110x77.jpg 110w\" sizes=\"auto, (max-width: 268px) 100vw, 268px\" \/><\/figure>\n<\/div>\n\n\n<p>Mandando via gli extracomunitari al loro paese, assumere nuovi agenti ( 1000 quando ne necessitano almeno 14.000), rimettere in sesto le carceri.<\/p>\n\n\n\n<p>In primo luogo il rimpatrio non \u00e8 semplice come dicono in quanto i paesi da cui provengono bisogna vedere se li riaccettano a casa loro e a che condizioni li riaccettano.<\/p>\n\n\n\n<p>Molti di loro non sono neanche qui con la loro vera identit\u00e0, di conseguenza non risultano nel loro paese e bisogna vedere anche se dicono veramente di quale paese provengono. C&#8217;\u00e8 da dire che molti, anzi la maggior parte degli extra comunitari dice provenire da un paese ma in realt\u00e0 provengono da tutt&#8217;altra parte, chiss\u00e0 da quale paese dell&#8217;Africa, inoltre il tempo necessario per fare tale operazione di rimpatrio necessita di molto tempo e dispendio di denaro, quindi non \u00e8 un modo per svuotare le strutture. E questo \u00e8 il primo loro errore<\/p>\n\n\n\n<p>In secondo luogo dicono di assumere nuovi Agenti, questo \u00e8 un altro fallimento.<\/p>\n\n\n\n<p>Assumere nuovi agenti (1000) non serve anche perch\u00e8 il problema non \u00e8 che se assumi nuovo personale di Polizia Penitenziaria hai risolto il sovraffollamento, gli agenti non occupano posti letto o spazi adibiti per noi detenuti, possono solo aiutare a sedare rivolte o comunque disordini, i quali sono conseguenze del sovraffollamento, quindi secondo errore.<\/p>\n\n\n\n<p>L&#8217;altra&nbsp;<strong>loro<\/strong>&nbsp;soluzione \u00e8 rimettere in sesto le strutture gi\u00e0 esistenti e farne di nuove, ma dico io e non solo, sistemare le strutture e farne di nuove?, ma quanto tempo e denaro ci vuole?. A occhio ci vorranno anni con i tempi dello stato Italiano. Da noi per esempio per sistemare il reparto doccia,una stanza 4 mt per 4mt con 4 docce ci sono voluti ben 12 mesi, precisando che subito dopo una non funzionava, dopo soli 3 mesi ne funzionavano solo 2, quindi per risistemare tutta la struttura quanto ci vorr\u00e0 di tempo?<\/p>\n\n\n\n<p>Inoltre come puoi mettere a norma una sezione se vi sono dentro i detenuti?<\/p>\n\n\n\n<p>IL PROBLEMA SOVRAFFOLLAMENTO NON SI RISOLVE COSI.<\/p>\n\n\n\n<p>Ora perch\u00e8 lo Stato non vuole svuotare le carceri ?<\/p>\n\n\n\n<p>Sarebbe facile, hanno fatto delle leggi in cui vi sono dei benefici di cui molti di noi potrebbero usufruire, ma non vogliono applicarle,\u00a0<strong>perch\u00e8?<\/strong>\u00a0Bene, non volete applicarle vi sono altri modi , invece di far stare i detenuti chiusi a fare niente e continuare a mantenerli, i pi\u00f9 meritevoli mandateli ad aiutare dove succedono i disastri naturali ambientali ad aiutare o metteteli a lavorare nei campi, c&#8217;\u00e8 molta terra non coltivata ,\u00a0<strong>perch\u00e8 questo non viene fatto ?<\/strong><\/p>\n\n\n\n<p>Ora chi pensa che ci\u00f2 che vi ho scritto sia errato mi dica dove sto sbagliando, forse in tanti anni di detenzione non l&#8217;ho capito. Grazie.<\/p>\n\n\n\n<p><em>M.M.<\/em><br>\u00a0<\/p>\n","protected":false},"excerpt":{"rendered":"<p>Se andiamo a vedere questa famosa \u201cRiforma Carceri\u201d, almeno cos\u00ec la chiamano i nostri politici, \u00e8 un nulla di fatto, perch\u00e8 ? Semplice, tutto viene fatto solo per farsi pubblicit\u00e0, il che significa non hanno fatto niente per il sovraffollamento delle strutture carcerarie , mi spiego un po&#8217; meglio: Il\u00a0loro\u00a0obbiettivo , da come dicono, sarebbe [&hellip;]<\/p>\n","protected":false},"author":1,"featured_media":2173,"comment_status":"closed","ping_status":"open","sticky":false,"template":"","format":"standard","meta":{"footnotes":""},"categories":[4],"tags":[],"class_list":["post-2172","post","type-post","status-publish","format-standard","has-post-thumbnail","hentry","category-sistema-penale"],"_links":{"self":[{"href":"https:\/\/lafenice.varieventuali.it\/index.php?rest_route=\/wp\/v2\/posts\/2172","targetHints":{"allow":["GET"]}}],"collection":[{"href":"https:\/\/lafenice.varieventuali.it\/index.php?rest_route=\/wp\/v2\/posts"}],"about":[{"href":"https:\/\/lafenice.varieventuali.it\/index.php?rest_route=\/wp\/v2\/types\/post"}],"author":[{"embeddable":true,"href":"https:\/\/lafenice.varieventuali.it\/index.php?rest_route=\/wp\/v2\/users\/1"}],"replies":[{"embeddable":true,"href":"https:\/\/lafenice.varieventuali.it\/index.php?rest_route=%2Fwp%2Fv2%2Fcomments&post=2172"}],"version-history":[{"count":1,"href":"https:\/\/lafenice.varieventuali.it\/index.php?rest_route=\/wp\/v2\/posts\/2172\/revisions"}],"predecessor-version":[{"id":2174,"href":"https:\/\/lafenice.varieventuali.it\/index.php?rest_route=\/wp\/v2\/posts\/2172\/revisions\/2174"}],"wp:featuredmedia":[{"embeddable":true,"href":"https:\/\/lafenice.varieventuali.it\/index.php?rest_route=\/wp\/v2\/media\/2173"}],"wp:attachment":[{"href":"https:\/\/lafenice.varieventuali.it\/index.php?rest_route=%2Fwp%2Fv2%2Fmedia&parent=2172"}],"wp:term":[{"taxonomy":"category","embeddable":true,"href":"https:\/\/lafenice.varieventuali.it\/index.php?rest_route=%2Fwp%2Fv2%2Fcategories&post=2172"},{"taxonomy":"post_tag","embeddable":true,"href":"https:\/\/lafenice.varieventuali.it\/index.php?rest_route=%2Fwp%2Fv2%2Ftags&post=2172"}],"curies":[{"name":"wp","href":"https:\/\/api.w.org\/{rel}","templated":true}]}}