{"id":2269,"date":"2025-02-27T19:26:27","date_gmt":"2025-02-27T18:26:27","guid":{"rendered":"https:\/\/lafenice.varieventuali.it\/?p=2269"},"modified":"2025-02-27T19:26:27","modified_gmt":"2025-02-27T18:26:27","slug":"grazie","status":"publish","type":"post","link":"https:\/\/lafenice.varieventuali.it\/?p=2269","title":{"rendered":"Grazie"},"content":{"rendered":"\n<p><em>Da quel tesoretto che \u00e8 l&#8217;archivio degli articoli di Vespino \u00e9 uscito questo bel quadro dell&#8217;importanza per chi sta &#8220;dentro&#8221; del rapporto con quelli che stanno &#8220;fuori&#8221;, non solo se si scrive su un giornale<\/em><\/p>\n\n\n\n<p>Tutta la redazione \u201cLa Fenice\u201d non pu\u00f2 esimersi nel ringraziare caldamente tutte quelle persone che<br>attraverso commenti e \u201clike\u201d danno un senso alle nostre voci troppo spesso inascoltate e scaldano d\u2019entusiasmo gli animi di noi estemporanei giornalisti.<\/p>\n\n\n<div class=\"wp-block-image\">\n<figure class=\"alignleft size-full is-resized\"><img loading=\"lazy\" decoding=\"async\" width=\"720\" height=\"720\" src=\"https:\/\/lafenice.varieventuali.it\/wp-content\/uploads\/2025\/02\/social-2706548_960_720.png\" alt=\"\" class=\"wp-image-2270\" style=\"width:274px;height:auto\" srcset=\"https:\/\/lafenice.varieventuali.it\/wp-content\/uploads\/2025\/02\/social-2706548_960_720.png 720w, https:\/\/lafenice.varieventuali.it\/wp-content\/uploads\/2025\/02\/social-2706548_960_720-300x300.png 300w, https:\/\/lafenice.varieventuali.it\/wp-content\/uploads\/2025\/02\/social-2706548_960_720-150x150.png 150w, https:\/\/lafenice.varieventuali.it\/wp-content\/uploads\/2025\/02\/social-2706548_960_720-250x250.png 250w, https:\/\/lafenice.varieventuali.it\/wp-content\/uploads\/2025\/02\/social-2706548_960_720-125x125.png 125w, https:\/\/lafenice.varieventuali.it\/wp-content\/uploads\/2025\/02\/social-2706548_960_720-110x110.png 110w, https:\/\/lafenice.varieventuali.it\/wp-content\/uploads\/2025\/02\/social-2706548_960_720-420x420.png 420w, https:\/\/lafenice.varieventuali.it\/wp-content\/uploads\/2025\/02\/social-2706548_960_720-430x430.png 430w\" sizes=\"auto, (max-width: 720px) 100vw, 720px\" \/><\/figure>\n<\/div>\n\n\n<p>Potete credermi quando vi dico che in galera si fa un enorme passo indietro nella comune socialit\u00e0\u2026 si \u00e8 privati di quasi tutto e per forza di cose bisogna ricominciare da quei rapporti umani che non sempre<br>sbocciano spontaneamente, soprattutto se la convivenza \u00e8 forzata.<br>L\u2019ho gi\u00e0 scritto altre volte e lo ribadisco ora che la cosa pi\u00f9 alienante del carcere \u00e8 la perdita di contatto con l\u2019esterno. A tal proposito si sfruttano al massimo colloqui con le persone care, ma anche incontri con educatori, psicologi e professori che comunque ci portano un raggio si sole da fuori\u2026 almeno\u2026a noi sembra cos\u00ec.<br>Quindi potete ben capire come sia importante questo spazio redazionale per tutti coloro che partecipano che ci permette di arrivare nei cuori dei pi\u00f9 attenti.<br>Olivia e Francesco (che sono materialmente le persone che si prodigano come organizzatori), il sottoscritto e tutti i partecipanti a questa bellissima iniziativa esortano il pubblico lettore a scrivere, commentare e discutere con noi anche in maniera diretta e talvolta scomoda, se non foste d&#8217;accordo, per un ragionamento aperto e stimolante, poich\u00e9 proprio questo il nostro obiettivo\u2026muovere il pensiero!<br>Sono personalmente stato molto colpito dalle parole di Pierangelo Scala che con un&#8217;intelligenza fine ha pi\u00f9 volte commentato i nostri articoli cogliendone totalmente il senso, dimostrando un&#8217;ottima sensibilit\u00e0<br>riscrivendo e rivisitando con una prospettiva differente i concetti da noi evidenziati.<br>Ho sempre cercato il confronto delle mie opinioni ed ora che sono detenuto forse paradossalmente vengo ascoltato di pi\u00f9, quasi fosse una sorpresa qualcuno che in galera sia capace di una logica interessante.<\/p>\n\n\n\n<p>L&#8217;articolo di Scala, oltremodo gratificante poich\u00e9 per noi, che qui davvero mettiamo passione nei nostri lavori, \u00e9 un&#8217;esigenza importante quella di sapere di non star a perdere del tempo.<br>Sarebbe entusiasmante un incontro qui, in Casa di Reclusione, magari nella sala polivalente e sicuramente<br>sproneremo Olivia nell\u2019adoperarsi ad organizzare con chiunque volesse conoscerci e toccar con mano una realt\u00e0 sicuramente controversa, ma troppe volte mal interpretata, per un reciproco scambio di vedute ed idee.<br>A Pierangelo Scala in particolare vorrei stringer la mano per la lungimiranza dimostrata, per esporgli la mia stima poich\u00e9 per un giorno non mi ha fatto sentire un detenuto qualunque.<br>Grazie davvero.<\/p>\n\n\n\n<p><em>Vespino<\/em><\/p>\n","protected":false},"excerpt":{"rendered":"<p>Da quel tesoretto che \u00e8 l&#8217;archivio degli articoli di Vespino \u00e9 uscito questo bel quadro dell&#8217;importanza per chi sta &#8220;dentro&#8221; del rapporto con quelli che stanno &#8220;fuori&#8221;, non solo se si scrive su un giornale Tutta la redazione \u201cLa Fenice\u201d non pu\u00f2 esimersi nel ringraziare caldamente tutte quelle persone cheattraverso commenti e \u201clike\u201d danno un [&hellip;]<\/p>\n","protected":false},"author":1,"featured_media":2270,"comment_status":"closed","ping_status":"open","sticky":false,"template":"","format":"standard","meta":{"footnotes":""},"categories":[7],"tags":[],"class_list":["post-2269","post","type-post","status-publish","format-standard","has-post-thumbnail","hentry","category-attivita-e-iniziative"],"_links":{"self":[{"href":"https:\/\/lafenice.varieventuali.it\/index.php?rest_route=\/wp\/v2\/posts\/2269","targetHints":{"allow":["GET"]}}],"collection":[{"href":"https:\/\/lafenice.varieventuali.it\/index.php?rest_route=\/wp\/v2\/posts"}],"about":[{"href":"https:\/\/lafenice.varieventuali.it\/index.php?rest_route=\/wp\/v2\/types\/post"}],"author":[{"embeddable":true,"href":"https:\/\/lafenice.varieventuali.it\/index.php?rest_route=\/wp\/v2\/users\/1"}],"replies":[{"embeddable":true,"href":"https:\/\/lafenice.varieventuali.it\/index.php?rest_route=%2Fwp%2Fv2%2Fcomments&post=2269"}],"version-history":[{"count":1,"href":"https:\/\/lafenice.varieventuali.it\/index.php?rest_route=\/wp\/v2\/posts\/2269\/revisions"}],"predecessor-version":[{"id":2271,"href":"https:\/\/lafenice.varieventuali.it\/index.php?rest_route=\/wp\/v2\/posts\/2269\/revisions\/2271"}],"wp:featuredmedia":[{"embeddable":true,"href":"https:\/\/lafenice.varieventuali.it\/index.php?rest_route=\/wp\/v2\/media\/2270"}],"wp:attachment":[{"href":"https:\/\/lafenice.varieventuali.it\/index.php?rest_route=%2Fwp%2Fv2%2Fmedia&parent=2269"}],"wp:term":[{"taxonomy":"category","embeddable":true,"href":"https:\/\/lafenice.varieventuali.it\/index.php?rest_route=%2Fwp%2Fv2%2Fcategories&post=2269"},{"taxonomy":"post_tag","embeddable":true,"href":"https:\/\/lafenice.varieventuali.it\/index.php?rest_route=%2Fwp%2Fv2%2Ftags&post=2269"}],"curies":[{"name":"wp","href":"https:\/\/api.w.org\/{rel}","templated":true}]}}