{"id":2302,"date":"2025-04-13T13:00:55","date_gmt":"2025-04-13T11:00:55","guid":{"rendered":"https:\/\/lafenice.varieventuali.it\/?p=2302"},"modified":"2025-04-13T13:00:55","modified_gmt":"2025-04-13T11:00:55","slug":"le-prigioni-sono-una-catastrofe-ma-e-vietato-arrendersi","status":"publish","type":"post","link":"https:\/\/lafenice.varieventuali.it\/?p=2302","title":{"rendered":"Le prigioni sono una catastrofe, ma \u00e8 vietato arrendersi"},"content":{"rendered":"\n<p class=\"has-medium-font-size\"><em>Riprendiamo un articolo di <strong>Franco Corleone<\/strong> dall&#8217;Unit\u00e0 del 9 aprile<\/em><\/p>\n\n\n\n<p class=\"has-large-font-size\">Il cimitero dei vivi<\/p>\n\n\n\n<h1 class=\"wp-block-heading has-medium-font-size\">Dall\u2019edilizia penitenziaria alla demagogia sui detenuti tossicodipendenti, dall\u2019equipaggiamento degli agenti all\u2019ipocrisia sui suicidi in cella: la mozione della maggioranza sull\u2019emergenza carceraria \u00e8 stata una vera provocazione. Bisogna protestare, scioperare, digiunare.<\/h1>\n\n\n\n<p>Pensavo di avere gi\u00e0 scritto tutto su quello che serve fare per il carcere&nbsp;<em>(<\/em><a href=\"https:\/\/www.unita.it\/2025\/03\/09\/rivoltare-il-carcere-basta-chiacchiere-e-lagne-contro-le-misure-del-governo-meloni\/\" target=\"_blank\" rel=\"noreferrer noopener\"><em>l\u2019Unit\u00e0,<\/em>&nbsp;8 marzo<\/a>). Avevo anche richiamato il saggio di&nbsp;<strong>Grazia Zuffa<\/strong>&nbsp;<em>\u201cRipensare il carcere, dall\u2019ottica della differenza femminile\u201d<\/em>&nbsp;\u2013 addirittura di dieci anni fa \u2013 quale possibile manifesto per avviare una riforma necessaria e radicale, prima che sia troppo tardi. Ma di questi tempi, sul punto e in generale, la realt\u00e0 corre assai rapidamente verso il baratro.<\/p>\n\n\n<div class=\"wp-block-image\">\n<figure class=\"alignleft size-full is-resized\"><img loading=\"lazy\" decoding=\"async\" width=\"800\" height=\"450\" src=\"https:\/\/lafenice.varieventuali.it\/wp-content\/uploads\/2025\/04\/105108614-0ff24989-2797-46a3-9678-44021e12b26d.jpg\" alt=\"\" class=\"wp-image-2303\" style=\"width:548px;height:auto\" srcset=\"https:\/\/lafenice.varieventuali.it\/wp-content\/uploads\/2025\/04\/105108614-0ff24989-2797-46a3-9678-44021e12b26d.jpg 800w, https:\/\/lafenice.varieventuali.it\/wp-content\/uploads\/2025\/04\/105108614-0ff24989-2797-46a3-9678-44021e12b26d-300x169.jpg 300w, https:\/\/lafenice.varieventuali.it\/wp-content\/uploads\/2025\/04\/105108614-0ff24989-2797-46a3-9678-44021e12b26d-768x432.jpg 768w, https:\/\/lafenice.varieventuali.it\/wp-content\/uploads\/2025\/04\/105108614-0ff24989-2797-46a3-9678-44021e12b26d-110x62.jpg 110w, https:\/\/lafenice.varieventuali.it\/wp-content\/uploads\/2025\/04\/105108614-0ff24989-2797-46a3-9678-44021e12b26d-420x236.jpg 420w, https:\/\/lafenice.varieventuali.it\/wp-content\/uploads\/2025\/04\/105108614-0ff24989-2797-46a3-9678-44021e12b26d-764x430.jpg 764w\" sizes=\"auto, (max-width: 800px) 100vw, 800px\" \/><\/figure>\n<\/div>\n\n\n<p>Sono quindi costretto a reintervenire dopo l\u2019esito della discussione alla Camera dei deputati, con l\u2019esame delle mozioni presentate dall\u2019opposizione e l\u2019approvazione di quella della maggioranza<a href=\"https:\/\/www.unita.it\/2025\/04\/05\/e-legge-il-decreto-sicurezza-il-governo-blocca-il-parlamento-per-la-norma-repressiva-e-liberticida\/\" target=\"_blank\" rel=\"noreferrer noopener\">. La mozione del centrodestra \u00e8 una vera provocazione<\/a>. Infatti, la premessa si rivela un mattinale del governo sui meriti acquisiti nei due anni di attivit\u00e0. Nulla viene detto sull\u2019avere licenziato due capi del Dap e sul fatto anomalo di una gestione affidata a una vice facente funzione. Nulla sui record di suicidi negli ultimi due anni. Molto spazio \u00e8 invece dedicato al minorile, colpito da un sovraffollamento inedito grazie alle misure varate da questo governo (ricordate il\u00a0<a href=\"https:\/\/www.unita.it\/2024\/10\/03\/decreto-caivano-la-legge-voluta-da-nordio-che-ha-devastato-la-giustizia-minorile\/\" target=\"_blank\" rel=\"noreferrer noopener\">decreto Caivano<\/a>?). La parte dedicata agli adulti \u00e8 impressionante per la protervia e la iattanza con cui si descrive la difficile condizione degli istituti penitenziari attribuita per\u00f2 alle\u00a0<em>\u201crivolte carcerarie esplose a marzo 2020 durante la pandemia da Covid, che hanno lasciato profonde ferite sia nelle strutture che nel morale di chi vive e lavora in carcere\u201d,<\/em>\u00a0omettendo\u00a0<a href=\"https:\/\/www.unita.it\/2025\/01\/09\/mattatoio-carceri-5-detenuti-si-sono-tolti-la-vita-nel-2025-altri-due-a-modena-e-paola\/\" target=\"_blank\" rel=\"noreferrer noopener\">i tanti morti avvenuti nel carcere di Modena<\/a>\u00a0e i pestaggi.<\/p>\n\n\n\n<p>L\u2019intollerabilit\u00e0 delle condizioni di vita quotidiana e la negazione dei diritti fondamentali, primo tra tutti quello alla salute,\u00a0<a href=\"https:\/\/www.unita.it\/2025\/02\/26\/la-genialata-di-nordio-contro-il-sovraffollamento-mettiamo-i-detenuti-nei-prefabbricati\/\" target=\"_blank\" rel=\"noreferrer noopener\">a causa del sovraffollamento e delle logiche di gestione,<\/a>\u00a0\u00e8 liquidata con l\u2019affermazione che\u00a0<em>\u201ctutti i detenuti, tuttavia, fruiscono nelle camere di pernottamento di una superficie media di almeno 3 metri quadrati come da standard fissato dalla Cedu<\/em>\u201d. Evidentemente la vergogna di un cesso per otto persone e la conseguente mancanza di dignit\u00e0 non turbano<strong>\u00a0Maria Carolina Varchi<\/strong>, prima firmataria della mozione. La questione della possibilit\u00e0 di\u00a0<a href=\"https:\/\/www.unita.it\/2025\/01\/10\/amnistia-tutti-daccordo-tranne-governo-e-nordio-intanto-nelle-carceri-la-strage-continua\/\" target=\"_blank\" rel=\"noreferrer noopener\">un provvedimento di\u00a0<strong>amnistia e\/o indulto<\/strong><\/a>\u00a0\u00e8 sbrigativamente cancellata, perch\u00e9 non bisogna\u00a0<em>\u201cdare l\u2019idea di uno Stato che non persegue i propri obiettivi di legalit\u00e0 e sicurezza per meri limiti organizzativi\u201d.<\/em>\u00a0Infine, la conclusione apodittica e irrealistica:\u00a0<em>\u201cil sovraffollamento carcerario si combatte con la<a href=\"https:\/\/www.unita.it\/2025\/03\/06\/il-modello-albania-per-le-carceri-italiani-pd-contro-nordio-sui-moduli-prefabbricati-contro-il-sovraffollamento\/\" target=\"_blank\" rel=\"noreferrer noopener\">\u00a0creazione di nuovi posti detentivi mediante la costruzione di nuovi istituti<\/a>\u00a0e di nuovi padiglioni per far fronte ai 10.000 posti attualmente mancant<\/em>i\u201d. La grossolanit\u00e0 \u00e8 cos\u00ec enorme che cascano le braccia e prevale il senso di inutilit\u00e0 di confrontarsi sul carcere come extrema ratio e sull\u2019eliminazione della detenzione sociale come da decenni indicano e argomentano associazioni, operatori e giuristi (tra i tanti e le tante, ricordate il grande\u00a0<strong>Sandro Margara<\/strong>?).<\/p>\n\n\n\n<p>Eppure, sempre da l\u00ec occorre testardamente ripartire, pena appunto arrendersi al disastro incombente. Bisogna insistere su una dimensione della carcerazione limitata ai reati di sangue, ai delitti gravi contro la persona, l\u2019ambiente, l\u2019economia, legati alle organizzazioni criminali che potrebbe riguardare al massimo trentamila individui. Molti soggetti oggi destinati alla prigione dovrebbero invece usufruire nella vasta gamma di misure alternative alla detenzione possibili e presenti nell\u2019ordinamento, allo stesso modo in cui ne fruiscono gi\u00e0 circa novantamila persone. Anche&nbsp;<a href=\"https:\/\/www.unita.it\/2024\/12\/31\/carceri-clemenza-politica-papa-francesco-rebibbia-momento-amnistia\/\" target=\"_blank\" rel=\"noreferrer noopener\">una misura di clemenza<\/a>&nbsp;non pu\u00f2 certo essere etichettata come scandalosa, visto che fino al 1990 se ne faceva un uso bulimico e che, del resto e non per caso, \u00e8 una misura prevista dalla Costituzione. Certo, affinch\u00e9 non si traduca in un pannicello caldo, un provvedimento deflattivo dettato dal senso di umanit\u00e0 e\/o dal pragmatismo dovrebbe essere accompagnato dalla previsione del&nbsp;<em>\u201cnumero chiuso\u201d<\/em>&nbsp;e dall\u2019istituzione delle \u201c<em>Case di reinserimento sociale\u201d<\/em>&nbsp;per i detenuti con meno di dodici mesi di pena residua.<\/p>\n\n\n\n<p>Case diffuse in citt\u00e0 e paesi, di piccole dimensioni e gestite dal Sindaco, dai servizi sociali e dalle associazioni del volontariato, favorendo cos\u00ec un effettivo reinserimento sociale. Non sarebbe una novit\u00e0, visto che centinaia di case mandamentali erano presenti in Italia dal 1940 fino ai primi anni del 2000. Si tratterebbe di una soluzione poco costosa e legata ai principi costituzionali; si potrebbero ristrutturare le carceri, impegnare risorse per dare case e non caserme al personale della polizia penitenziaria e inverare<strong>&nbsp;l\u2019articolo 27 della Costituzione.<\/strong>&nbsp;Le soluzioni demagogiche, ideologiche e mistificatrici rivolte ai detenuti classificati come tossicodipendenti e malati di mente sarebbero cos\u00ec spazzate via.<\/p>\n\n\n\n<p>Invece, nel dispositivo della maggioranza governativa si prevedono solo migliaia di nuove celle e tanto<a href=\"https:\/\/www.unita.it\/2024\/10\/10\/antigone-contro-nordio-parla-di-lavoro-in-carcere-ma-taglia-i-fondi\/\" target=\"_blank\" rel=\"noreferrer noopener\">&nbsp;lavoro non qualificato per i detenuti,<\/a>&nbsp;con ingiustificata enfatizzazione sulle prospettive offerte dai progetti del Cnel. Viene poi sparsa a piene mani retorica sulle strutture chiuse per tossicodipendenti e per soggetti psichiatrici o comunque fragili. La fragilit\u00e0 non si nega a nessuno e quindi si prevedono subito tre nuove comunit\u00e0 sperimentali per coniugare sicurezza e trattamento. Si manifesta un entusiasmo fuori luogo per la costruzione del nuovo carcere a<strong>&nbsp;San Vito al Tagliamento<\/strong>&nbsp;(invece che a&nbsp;<strong>Pordenone<\/strong>) con 300 posti per&nbsp;<em>\u201cimportare\u201d<\/em>&nbsp;detenuti in<strong>&nbsp;Friuli-Venezia Giulia<\/strong>&nbsp;a dispetto del principio della territorialit\u00e0 nell\u2019esecuzione della pena, imitando la realt\u00e0 del carcere di&nbsp;<strong>Tolmezzo<\/strong>&nbsp;in cui non \u00e8 presente nessun detenuto della Carnia. La sbornia edilizia \u00e8 accentuata dalla costruzione di otto nuovi padiglioni all\u2019interno di altrettanti istituti da nord a sud, 92 nuovi posti nella&nbsp;<strong>sezione 41bis<\/strong>&nbsp;a&nbsp;<strong>Cagliari-Uta<\/strong>&nbsp;e, dulcis in fundo,<a href=\"https:\/\/www.unita.it\/2024\/10\/30\/carceri-nordio-e-litalia-alla-prova-del-comitato-anti-tortura-europeo\/\" target=\"_blank\" rel=\"noreferrer noopener\">&nbsp;l\u2019operazione blocchi di cemento armato<\/a>&nbsp;predisposti dal commissario&nbsp;<strong>Marco Doglio<\/strong>&nbsp;per contenere corpi e che saranno depositati nelle aree verdi delle carceri, che cos\u00ec verranno cancellate o limitate. In definita e nel complesso si tratta di un programma dissennato, che ricorda quell\u2019operazione<em>&nbsp;\u201ccarceri d\u2019oro<\/em>\u201d che denunciai nella decima legislatura al Senato.<\/p>\n\n\n\n<p>La lettura del testo diventa pure esilarante con l\u2019elenco delle meraviglie immaginate: annunci di assunzioni a go-go di agenti di polizia penitenziaria; istituzione del\u00a0<a href=\"https:\/\/www.unita.it\/2024\/05\/31\/proteste-nelle-carceri-il-governo-ha-la-sua-milizia-per-la-repressione-cose-il-gruppo-di-intervento-operativo\/\" target=\"_blank\" rel=\"noreferrer noopener\"><strong>Gruppo di Intervento Operativo<\/strong>\u00a0(<strong>GIO<\/strong>)<\/a>\u00a0per fronteggiare rivolte o sommosse; carriera dei medici del corpo di polizia penitenziaria; specializzazioni varie, da quella cinofila a pilota di droni, e, infine, Divisioni del Dap dirette da primi dirigenti della polizia penitenziaria. In tal modo, saranno \u201c<em>per la prima volta gli uomini e le donne in divisa ad amministrare gli affari del Corpo\u201d.<\/em>\u00a0Per chiudere in bellezza, l\u2019annuncio dell\u2019acquisto di 18.700 scudi antisommossa, 2400 nuovi sfollagente, 10.200 caschi antisommossa: cos\u00ec ci si prepara alla guerra. Non varrebbe la pena di commentare siffatti impegni al Governo, se non quello di\u00a0<em>\u201ccontinuare a lavorare per contrastare e prevenire il grave fenomeno dei suicidi in carcere, proseguendo il cammino intrapreso di potenziamento della rete di assistenza psicologica e di reclutamento di adeguato personale specializzato sia per i detenuti che per il Corpo di Polizia penitenziaria\u201d.\u00a0<\/em>I 27 morti dall\u2019inizio di quest\u2019anno fino a oggi ringraziano (o maledicono) dall\u2019aldil\u00e0 per questa offensiva ipocrisia.<\/p>\n\n\n\n<p>Oltre 120 anni fa, nel 1904, il deputato socialista&nbsp;<strong>Filippo Turati<\/strong>&nbsp;pronunciava una dura requisitoria contro lo stato delle carceri, pubblicata con un titolo assai evocativo: \u201c<em>il cimitero dei vivi\u201d.<\/em>&nbsp;Oggi possiamo parlare di un cimitero e basta. Che dire delle mozioni dei 5Stelle e delle opposizioni unite? Contenuti deprimenti e ripetitivi con richieste di assunzioni a tappeto di personale e addirittura \u2013 nella mozione dei 5Stelle \u2013 la richiesta di implementare la capienza e il numero delle residenze per l\u2019esecuzione delle misure di sicurezza (<strong>Rems<\/strong>), dando fiato alla nostalgia da parte del ministero della salute per il manicomio. Per fortuna, nella mozione delle opposizioni si valorizza<a href=\"https:\/\/www.unita.it\/2024\/12\/28\/papa-francesco-e-lelogio-della-fuga-dal-carcere-fateli-evadere\/\" target=\"_blank\" rel=\"noreferrer noopener\">&nbsp;la richiesta di&nbsp;<strong>Papa Francesco<\/strong>&nbsp;in occasione del Giubileo<\/a>&nbsp;a favore di \u201c<em>forme di amnistia o di condono della pena volte ad aiutare le persone a recuperare fiducia in se stesse e nella societ\u00e0, percorsi di reinserimento nella comunit\u00e0\u201d<\/em>, si denuncia la non applicazione della sentenza n. 10 del 2024 sul diritto alla affettivit\u00e0 e a colloqui segnati dalla riservatezza.<\/p>\n\n\n\n<p>Tuttavia, \u00e8 un po\u2019 poco, diciamo la verit\u00e0. La situazione \u00e8 intollerabile e non possiamo affidare la protesta ai soli detenuti, poich\u00e9, dopo<a href=\"https:\/\/www.unita.it\/2025\/04\/05\/decreto-sicurezza-il-governo-meloni-ha-fretta-di-affossare-liberta-e-diritti\/\" target=\"_blank\" rel=\"noreferrer noopener\">&nbsp;l\u2019approvazione del decreto sicurezza,<\/a>&nbsp;rischieranno anni di carcere anche per le forme di resistenza passiva e di atti nonviolenti per affermare i propri diritti. Quando non sopportano il vuoto e la mancanza di senso e di speranza offrono il loro corpo come testimonianza dei senza voce. Fuori dal carcere si deve allora manifestare, in forme anche nuove e originali, con presenze davanti alle carceri delle famiglie dei detenuti, con digiuni giornalieri di massa e a staffetta in una sorta di ramadan laico, con il boicottaggio di alcol e tabacchi come nel Risorgimento e nella Resistenza al&nbsp;<strong>fascismo,<\/strong>&nbsp;con richieste di intervento ai vigili del fuoco per verifiche della sicurezza di strutture che hanno il doppio delle presenze regolamentari o alle&nbsp;<a href=\"https:\/\/www.unita.it\/2024\/08\/13\/carceri-lassociazione-coscioni-denuncia-le-asl-dovete-fare-le-ispezioni-e-vostro-compito\/\" target=\"_blank\" rel=\"noreferrer noopener\">ASL per le condizioni di igiene e profilassi,<\/a>&nbsp;e cos\u00ec via. \u00c8 cos\u00ec folle pensare a uno sciopero delle associazioni di volontariato e a lanciare l\u2019invito agli agenti di Polizia penitenziaria di sottoscrivere un appello per l\u2019indulto (garantendo l\u2019anonimato)? Sarebbe davvero straordinario se il venerd\u00ec prima di Pasqua le campane di tutte le chiese suonassero a morto per richiamare al bisogno di una resurrezione a cominciare dagli ultimi.<\/p>\n\n\n\n<p><a href=\"https:\/\/www.unita.it\/author\/francocorleone\/\"><\/a>Di <a href=\"https:\/\/www.unita.it\/author\/francocorleone\/\">Franco Corleone<\/a><\/p>\n\n\n\n<p><a rel=\"noreferrer noopener\" href=\"https:\/\/www.contentrevolution.it\/\" target=\"_blank\"><\/a><a rel=\"noreferrer noopener\" href=\"https:\/\/www.contentrevolution.it\/\" target=\"_blank\"><\/a><\/p>\n","protected":false},"excerpt":{"rendered":"<p>Riprendiamo un articolo di Franco Corleone dall&#8217;Unit\u00e0 del 9 aprile Il cimitero dei vivi Dall\u2019edilizia penitenziaria alla demagogia sui detenuti tossicodipendenti, dall\u2019equipaggiamento degli agenti all\u2019ipocrisia sui suicidi in cella: la mozione della maggioranza sull\u2019emergenza carceraria \u00e8 stata una vera provocazione. Bisogna protestare, scioperare, digiunare. Pensavo di avere gi\u00e0 scritto tutto su quello che serve fare [&hellip;]<\/p>\n","protected":false},"author":1,"featured_media":2303,"comment_status":"closed","ping_status":"open","sticky":false,"template":"","format":"standard","meta":{"footnotes":""},"categories":[4],"tags":[],"class_list":["post-2302","post","type-post","status-publish","format-standard","has-post-thumbnail","hentry","category-sistema-penale"],"_links":{"self":[{"href":"https:\/\/lafenice.varieventuali.it\/index.php?rest_route=\/wp\/v2\/posts\/2302","targetHints":{"allow":["GET"]}}],"collection":[{"href":"https:\/\/lafenice.varieventuali.it\/index.php?rest_route=\/wp\/v2\/posts"}],"about":[{"href":"https:\/\/lafenice.varieventuali.it\/index.php?rest_route=\/wp\/v2\/types\/post"}],"author":[{"embeddable":true,"href":"https:\/\/lafenice.varieventuali.it\/index.php?rest_route=\/wp\/v2\/users\/1"}],"replies":[{"embeddable":true,"href":"https:\/\/lafenice.varieventuali.it\/index.php?rest_route=%2Fwp%2Fv2%2Fcomments&post=2302"}],"version-history":[{"count":1,"href":"https:\/\/lafenice.varieventuali.it\/index.php?rest_route=\/wp\/v2\/posts\/2302\/revisions"}],"predecessor-version":[{"id":2304,"href":"https:\/\/lafenice.varieventuali.it\/index.php?rest_route=\/wp\/v2\/posts\/2302\/revisions\/2304"}],"wp:featuredmedia":[{"embeddable":true,"href":"https:\/\/lafenice.varieventuali.it\/index.php?rest_route=\/wp\/v2\/media\/2303"}],"wp:attachment":[{"href":"https:\/\/lafenice.varieventuali.it\/index.php?rest_route=%2Fwp%2Fv2%2Fmedia&parent=2302"}],"wp:term":[{"taxonomy":"category","embeddable":true,"href":"https:\/\/lafenice.varieventuali.it\/index.php?rest_route=%2Fwp%2Fv2%2Fcategories&post=2302"},{"taxonomy":"post_tag","embeddable":true,"href":"https:\/\/lafenice.varieventuali.it\/index.php?rest_route=%2Fwp%2Fv2%2Ftags&post=2302"}],"curies":[{"name":"wp","href":"https:\/\/api.w.org\/{rel}","templated":true}]}}