{"id":2398,"date":"2025-07-28T16:57:57","date_gmt":"2025-07-28T14:57:57","guid":{"rendered":"https:\/\/lafenice.varieventuali.it\/?p=2398"},"modified":"2025-07-28T16:58:34","modified_gmt":"2025-07-28T14:58:34","slug":"quei-9-metri-quadrati-immaginari-in-cella-i-diritti-non-hanno-spazio","status":"publish","type":"post","link":"https:\/\/lafenice.varieventuali.it\/?p=2398","title":{"rendered":"Quei 9 metri quadrati immaginari: in cella i diritti non hanno spazio"},"content":{"rendered":"\n<p><em>Riprendiamo dal quotidiano Il dubbio del 27 luglio una testimonianza di Fabio Falbo<\/em>, <em>detenuto nel carcere di Rebibbia<\/em><\/p>\n\n\n\n<p class=\"has-medium-font-size\">La misura \u00e8 stabilita dal ministero della Giustizia, ma non esiste un dato ufficiale che indichi la superficie fisica complessiva disponibile negli istituti penitenziari<\/p>\n\n\n<div class=\"wp-block-image\">\n<figure class=\"alignleft size-full is-resized\"><img loading=\"lazy\" decoding=\"async\" width=\"225\" height=\"225\" src=\"https:\/\/lafenice.varieventuali.it\/wp-content\/uploads\/2025\/07\/images.png\" alt=\"\" class=\"wp-image-2399\" style=\"width:352px;height:auto\" srcset=\"https:\/\/lafenice.varieventuali.it\/wp-content\/uploads\/2025\/07\/images.png 225w, https:\/\/lafenice.varieventuali.it\/wp-content\/uploads\/2025\/07\/images-150x150.png 150w, https:\/\/lafenice.varieventuali.it\/wp-content\/uploads\/2025\/07\/images-125x125.png 125w, https:\/\/lafenice.varieventuali.it\/wp-content\/uploads\/2025\/07\/images-110x110.png 110w\" sizes=\"auto, (max-width: 225px) 100vw, 225px\" \/><\/figure>\n<\/div>\n\n\n<p>In Italia, sulla carta, ogni persona detenuta dovrebbe avere diritto a 9 metri quadrati di spazio vitale. \u00c8 un numero che sembra ragionevole, quasi rassicurante. Ma come spesso accade, tra la norma e la realt\u00e0 si apre un abisso. E in quel vuoto, fatto di cemento, letti a castello e finestre sbarrate, vivono circa 63.000 persone. La misura della dignit\u00e0 \u00e8 stabilita dal ministero della Giustizia come la capienza regolamentare delle carceri italiane che si basa su un criterio semplice: 9 metri quadrati per la prima persona detenuta in cella sin gola, e se allocata nella cella multipla il calcolo \u00e8 5 metri quadrati per ogni persona detenuta aggiuntiva. Questo standard, in linea con le raccomandazioni europee, dovrebbe garantire condizioni di vita dignitose. Ma c&#8217;\u00e8 un problema, nessuno sa davvero quanti metri quadrati siano effettivamente disponibili nelle carceri italiane. Non esiste, ad oggi, un dato pubblico ufficiale che indichi la superficie fisica complessiva degli istituti penitenziari, per lo pi\u00f9 delle celle di tutti i 190 istituti di pena. Si conosce la capienza massi ma regolamentare dei posti ( circa 51.300), ma non lo spazio reale e che comunque non va intesa come capienza massima tollerabile che \u00e8 tutt&#8217;altra cosa. Una lacuna grave, soprattutto in un sistema che si fonda &#8211; almeno formalmente &#8211; sul principio della rieducazione, visto i numeri che non tornano.<\/p>\n\n\n\n<p>Facciamo due conti, se volessimo rispettare gli standard minimi per le circa 63.000 persone detenute, servirebbero oltre I milione di metri quadrati. Ma le stime pi\u00f9 ottimistiche parlano di circa 359.000 metri quadrati realmente disponibili. Il risultato? Celle sovraffollate, spazi comuni ridotti all&#8217;osso, e una quotidianit\u00e0 che spesso rasenta la disumanit\u00e0. Il Comitato Europeo per la Prevenzione della Tortura ha pi\u00f9 volte richiamato l&#8217;Italia, chiedendo che ogni persona detenuta abbia almeno 4 metri quadrati netti in celle condivise. Ma in molte strutture, soprattutto nel Sud, questa soglia \u00e8 un miraggio, \u00e8 come un carcere che non si vede. Il problema non \u00e8 solo numerico, \u00e8 culturale, in Italia, il carcere resta un mondo opaco, lontano dagli occhi dell&#8217;opinione pubblica, eppure, \u00e8 un pezzo di societ\u00e0. Dentro ci sono persone che un giorno torneranno fuori. E il modo in cui vivono oggi influenzer\u00e0 il modo in cui vivranno domani. Ci sono storie come quella di Fabio Falbo, laureato in Giurisprudenza, attivo in progetti culturali e legali che si sta occupando anche di questi dati capziosi, che mostrano il divario tra teoria e realt\u00e0, come anche quelle storie di abbandono, di disagio psichico, di suicidi. Solo nel 2024, sono stati oltre 80 le persone detenute morti in carcere, molti per cause evitabili. Purtroppo nella terra della legalit\u00e0 carceraria la trasparenza manca. \u00c8 lecito chiedersi: perch\u00e9 il ministero non pubblica i dati sulla superficie reale delle celle carcere? Perch\u00e9 non esiste una mappa aggiornata degli spazi, delle celle, delle condizioni igieniche? In un&#8217;epoca in cui tutto \u00e8 tracciabile, il carcere resta un&#8217;eccezione, eppure, la trasparenza \u00e8 un diritto, non solo per le persone detenute, ma per tutti i cittadini, visto che il carcere \u00e8 un luogo pubblico, finanziato con soldi pubblici, e regolato da leggi che parlano di dignit\u00e0, diritti e reinserimento. Come si vogliono far rispettare le leggi se proprio chi vigila negli istituti di pena li rispetta?<\/p>\n\n\n\n<p>A supporto di questa affermazione vi \u00e8 stata una richiesta di Fabio Falbo &#8216; Lo Scrivano di Rebibbia&#8217; sia al Magistrato di Sorveglianza di Roma e successivamente al Tribunale di Sorveglianza di Roma in sede di reclamo e di appello dello stesso per effettuare una perizia di parte o di ufficio per misurare lo spazio calpestabile delle celie multiple e singole di Rebibbia visto i dati riportati e capziosi sottoscritti da chi non ha le competenze a farle non essendo iscritti in nessun albo. Ebbene oltre ai rigetti e alle spese la richiesta non \u00e8 stata accolta, \u00e8 come dire comando io le tue sono solo parole e visto che gli stessi vigilano negli istituti di pena non potranno mai affermare che le struttur e sono non solo sovraffollate ma non rispettano quei minimi criteri riportati in un qualsiasi ordinamento penitenziario che si rispetti. Voi lettori vi domanderete ma il Garante dei diritti dei detenuti della Regione Lazio (Stefano Anastasia), quello Comunale di Roma Capitale (Valentina Calderone) e non per ultimo l&#8217;associazione Antigone (avvocato Dario Di Cecca) sono a conoscenza di tutto ci\u00f2? Ebbene s\u00ec ma ad oggi e dopo tutte le varie richieste e solleciti si aspetta da anni un loro intervento quantomeno per vedere con gli occhi e non con il metro la capienza effettiva e quindi sottoscrivere un documento in difesa di chi \u00e8 lasciato a morire e perire senza difesa alcuna. \u00c8 vero che la speranza \u00e8 l&#8217;ultima a morire e sono certo che questi Garanti o l&#8217;Associazione in questione se hanno il piacere di leggere e magari intervenire, i numeri del e presenze in carcere possono scendere non di tanto ma neanche di poco. Questi diritti calpestati non sono solo quelli di Fabio Falbo ma rispecchiano i diritti calpestati di tutte quelle persone detenute in tutte le 190 strutture penitenziarie visti i dati ministeriali che indicano un sovraffollamento dal 133% a oltre il 200%. Quindi questi immaginari 9 metri quadrati da dove saltano fuori<\/p>\n","protected":false},"excerpt":{"rendered":"<p>Riprendiamo dal quotidiano Il dubbio del 27 luglio una testimonianza di Fabio Falbo, detenuto nel carcere di Rebibbia La misura \u00e8 stabilita dal ministero della Giustizia, ma non esiste un dato ufficiale che indichi la superficie fisica complessiva disponibile negli istituti penitenziari In Italia, sulla carta, ogni persona detenuta dovrebbe avere diritto a 9 metri [&hellip;]<\/p>\n","protected":false},"author":1,"featured_media":2399,"comment_status":"closed","ping_status":"open","sticky":false,"template":"","format":"standard","meta":{"footnotes":""},"categories":[10],"tags":[],"class_list":["post-2398","post","type-post","status-publish","format-standard","has-post-thumbnail","hentry","category-vita-in-carcere"],"_links":{"self":[{"href":"https:\/\/lafenice.varieventuali.it\/index.php?rest_route=\/wp\/v2\/posts\/2398","targetHints":{"allow":["GET"]}}],"collection":[{"href":"https:\/\/lafenice.varieventuali.it\/index.php?rest_route=\/wp\/v2\/posts"}],"about":[{"href":"https:\/\/lafenice.varieventuali.it\/index.php?rest_route=\/wp\/v2\/types\/post"}],"author":[{"embeddable":true,"href":"https:\/\/lafenice.varieventuali.it\/index.php?rest_route=\/wp\/v2\/users\/1"}],"replies":[{"embeddable":true,"href":"https:\/\/lafenice.varieventuali.it\/index.php?rest_route=%2Fwp%2Fv2%2Fcomments&post=2398"}],"version-history":[{"count":1,"href":"https:\/\/lafenice.varieventuali.it\/index.php?rest_route=\/wp\/v2\/posts\/2398\/revisions"}],"predecessor-version":[{"id":2400,"href":"https:\/\/lafenice.varieventuali.it\/index.php?rest_route=\/wp\/v2\/posts\/2398\/revisions\/2400"}],"wp:featuredmedia":[{"embeddable":true,"href":"https:\/\/lafenice.varieventuali.it\/index.php?rest_route=\/wp\/v2\/media\/2399"}],"wp:attachment":[{"href":"https:\/\/lafenice.varieventuali.it\/index.php?rest_route=%2Fwp%2Fv2%2Fmedia&parent=2398"}],"wp:term":[{"taxonomy":"category","embeddable":true,"href":"https:\/\/lafenice.varieventuali.it\/index.php?rest_route=%2Fwp%2Fv2%2Fcategories&post=2398"},{"taxonomy":"post_tag","embeddable":true,"href":"https:\/\/lafenice.varieventuali.it\/index.php?rest_route=%2Fwp%2Fv2%2Ftags&post=2398"}],"curies":[{"name":"wp","href":"https:\/\/api.w.org\/{rel}","templated":true}]}}