{"id":2579,"date":"2026-03-15T19:09:30","date_gmt":"2026-03-15T18:09:30","guid":{"rendered":"https:\/\/lafenice.varieventuali.it\/?p=2579"},"modified":"2026-03-15T19:09:30","modified_gmt":"2026-03-15T18:09:30","slug":"casal-del-marmo-perche-la-tortura-e-diventata-sistema","status":"publish","type":"post","link":"https:\/\/lafenice.varieventuali.it\/?p=2579","title":{"rendered":"Casal del Marmo, perch\u00e9 la tortura \u00e8 diventata sistema"},"content":{"rendered":"\n<p><em>Articolo di <strong>Patrizio Gonnella<\/strong> pubblicato su Il manifesto il 13 marzo 2026<\/em><\/p>\n\n\n\n<p class=\"has-medium-font-size\" style=\"font-style:normal;font-weight:600\"><strong>\u00a0<\/strong>La violenza di dieci agenti nei confronti di tredici ragazzini, tutti stranieri, nel carcere minorile di Casal del Marmo ha un rancido sapore razzista. L\u2019esposto presentato da Antigone ha dato avvio alle indagini<\/p>\n\n\n\n<p class=\"has-medium-font-size\" style=\"font-style:normal;font-weight:600\"><a href=\"https:\/\/ilmanifesto.it\/edizioni\/il-manifesto-del-14-marzo-2026\/il-manifesto-del-14-03-2026\"><\/a><\/p>\n\n\n<div class=\"wp-block-image\">\n<figure class=\"alignleft size-large is-resized\"><img loading=\"lazy\" decoding=\"async\" width=\"1024\" height=\"576\" src=\"https:\/\/lafenice.varieventuali.it\/wp-content\/uploads\/2026\/03\/handcuffs-921290_1280-1024x576.jpg\" alt=\"\" class=\"wp-image-2580\" style=\"width:407px;height:auto\" srcset=\"https:\/\/lafenice.varieventuali.it\/wp-content\/uploads\/2026\/03\/handcuffs-921290_1280-1024x576.jpg 1024w, https:\/\/lafenice.varieventuali.it\/wp-content\/uploads\/2026\/03\/handcuffs-921290_1280-300x169.jpg 300w, https:\/\/lafenice.varieventuali.it\/wp-content\/uploads\/2026\/03\/handcuffs-921290_1280-768x432.jpg 768w, https:\/\/lafenice.varieventuali.it\/wp-content\/uploads\/2026\/03\/handcuffs-921290_1280-110x62.jpg 110w, https:\/\/lafenice.varieventuali.it\/wp-content\/uploads\/2026\/03\/handcuffs-921290_1280-420x236.jpg 420w, https:\/\/lafenice.varieventuali.it\/wp-content\/uploads\/2026\/03\/handcuffs-921290_1280-764x430.jpg 764w, https:\/\/lafenice.varieventuali.it\/wp-content\/uploads\/2026\/03\/handcuffs-921290_1280.jpg 1280w\" sizes=\"auto, (max-width: 1024px) 100vw, 1024px\" \/><\/figure>\n<\/div>\n\n\n<p> La violenza di dieci agenti nei confronti di tredici ragazzini, tutti stranieri, nel carcere minorile di Casal del Marmo ha un rancido sapore razzista. L\u2019esposto presentato da Antigone ha dato avvio alle indagini. La tortura nelle carceri esiste. Ferrara, San Gimignano, Torino sono i luoghi delle prime condanne. A Santa Maria Capua Vetere \u00e8 in corso il pi\u00f9 grande processo per tortura in Europa. Si \u00e8 vicini alla sentenza per le violenze di polizia nel carcere di Monza. Ci sono voluti ben sette anni. Una fatica enorme.<\/p>\n\n\n\n<p>La tortura non risparmia neanche le carceri minorili. Dopo quanto visto al Beccaria di Milano, anche Roma \u00e8 teatro di presunte torture e violenze brutali. La tortura \u00e8 una questione di sistema, si annida dove alberga e fiorisce lo spirito di corpo. C\u2019\u00e8 un\u2019aria di violenza che si respira negli istituti penali per minori in Italia e quest\u2019aria ha purtroppo il colore della divisa della polizia penitenziaria. Questo \u00e8 l\u2019esito della militarizzazione scriteriata in corso del sistema carcerario italiano. La tortura \u00e8 sempre esistita ma quando assume le caratteristiche dell\u2019inchiesta romana, ossia tanti agenti accusati delle peggiori nefandezze nei confronti di adolescenti immigrati, prende le sembianze di una escalation razzista, sdoganata da tutti quei cattivi maestri che si travestono nei talk show della destra nei panni di manganellatori di professione.<\/p>\n\n\n\n<p>Se ci si permette di torturare ragazzini nel carcere della capitale, a pochi minuti di auto dalla sede del ministero della giustizia, del tribunale, del Vaticano, del parlamento, vuol dire che ci si sente sicuri di restare impuniti, se non addirittura apprezzati nei propri comportamenti. Antigone aveva presentato un esposto alla procura lo scorso luglio e aveva avvertito le autorit\u00e0 amministrative competenti delle denunce circostanziate di maltrattamenti e violenze. La prossima settimana l\u2019autorit\u00e0 giudiziaria proceder\u00e0 a sentire le vittime. A Casal del Marmo \u00e8 accaduta una cosa enorme, gravissima: violenze reiterate e crudeli da parte di poliziotti nei confronti di ragazzini. Per\u00f2, \u00e8 anche avvenuto qualcosa di positivo: non pochi operatori hanno parlato, rotto il muro del silenzio, non si sono resi complici omertosi della gestione criminale della sicurezza interna all\u2019istituto avvenuta per lunghi mesi. A loro va detto un grande grazie.<\/p>\n\n\n\n<p>Di fronte a quanto sta accadendo nelle carceri minorili del paese, bisogna andare oltre la mera resistenza politica e culturale. La violenza istituzionale che ha colpito Milano e Roma impone una svolta organizzativa. La Polizia penitenziaria fino a qualche anno fa operava in borghese. Il ministero della giustizia ha imposto di recente che indossasse la divisa, contro ogni ragionevolezza pedagogica. Invece, in controtendenza, bisognerebbe fare un passo in direzione opposta e fare gestire gli istituti penali per minori solo da funzionari civili, affinch\u00e9 gli istituti penali per minorenni non assomiglino alle orribili galere degli adulti.<\/p>\n\n\n\n<p>L\u2019Italia, va detto, \u00e8 l\u2019unico Paese in Europa dove le procure e i tribunali indagano e a volte condannano per episodi di tortura commessi da esponenti delle forze di polizia. Forse non \u00e8 un caso. Forse \u00e8 anche perch\u00e9 i pubblici ministeri non sono parte del sistema di polizia (come potrebbe accadere nel caso in cui sia approvata la riforma costituzionale) ma sono all\u2019interno, fortunatamente, del sistema giurisdizionale.<\/p>\n\n\n\n<p>Antigone, insieme a Defence for children e Libera, ha lanciato pubblicamente gli Stati Generali della giustizia minorile nella consapevolezza di un sistema in crisi che bisogna aprire all\u2019esterno, rianimare e a cui bisogna restituire missione e dignit\u00e0 sociale. Entro qualche mese saranno rese pubbliche proposte per uscire dal guado in cui il governo ha trascinato il sistema. Di fronte a quanto sta svelando l\u2019inchiesta di Casal del Marmo sarebbe necessario che ci fossero assemblee aperte di operatori che discutano di modelli securitari, violenze, razzismo, isolamento, disciplina, divise.<\/p>\n","protected":false},"excerpt":{"rendered":"<p>Articolo di Patrizio Gonnella pubblicato su Il manifesto il 13 marzo 2026 \u00a0La violenza di dieci agenti nei confronti di tredici ragazzini, tutti stranieri, nel carcere minorile di Casal del Marmo ha un rancido sapore razzista. L\u2019esposto presentato da Antigone ha dato avvio alle indagini La violenza di dieci agenti nei confronti di tredici ragazzini, [&hellip;]<\/p>\n","protected":false},"author":1,"featured_media":2580,"comment_status":"closed","ping_status":"open","sticky":false,"template":"","format":"standard","meta":{"footnotes":""},"categories":[1],"tags":[],"class_list":["post-2579","post","type-post","status-publish","format-standard","has-post-thumbnail","hentry","category-senza-categoria"],"_links":{"self":[{"href":"https:\/\/lafenice.varieventuali.it\/index.php?rest_route=\/wp\/v2\/posts\/2579","targetHints":{"allow":["GET"]}}],"collection":[{"href":"https:\/\/lafenice.varieventuali.it\/index.php?rest_route=\/wp\/v2\/posts"}],"about":[{"href":"https:\/\/lafenice.varieventuali.it\/index.php?rest_route=\/wp\/v2\/types\/post"}],"author":[{"embeddable":true,"href":"https:\/\/lafenice.varieventuali.it\/index.php?rest_route=\/wp\/v2\/users\/1"}],"replies":[{"embeddable":true,"href":"https:\/\/lafenice.varieventuali.it\/index.php?rest_route=%2Fwp%2Fv2%2Fcomments&post=2579"}],"version-history":[{"count":1,"href":"https:\/\/lafenice.varieventuali.it\/index.php?rest_route=\/wp\/v2\/posts\/2579\/revisions"}],"predecessor-version":[{"id":2581,"href":"https:\/\/lafenice.varieventuali.it\/index.php?rest_route=\/wp\/v2\/posts\/2579\/revisions\/2581"}],"wp:featuredmedia":[{"embeddable":true,"href":"https:\/\/lafenice.varieventuali.it\/index.php?rest_route=\/wp\/v2\/media\/2580"}],"wp:attachment":[{"href":"https:\/\/lafenice.varieventuali.it\/index.php?rest_route=%2Fwp%2Fv2%2Fmedia&parent=2579"}],"wp:term":[{"taxonomy":"category","embeddable":true,"href":"https:\/\/lafenice.varieventuali.it\/index.php?rest_route=%2Fwp%2Fv2%2Fcategories&post=2579"},{"taxonomy":"post_tag","embeddable":true,"href":"https:\/\/lafenice.varieventuali.it\/index.php?rest_route=%2Fwp%2Fv2%2Ftags&post=2579"}],"curies":[{"name":"wp","href":"https:\/\/api.w.org\/{rel}","templated":true}]}}