{"id":702,"date":"2020-10-11T16:33:44","date_gmt":"2020-10-11T14:33:44","guid":{"rendered":"http:\/\/lafenice.varieventuali.it\/?p=702"},"modified":"2020-10-12T17:03:26","modified_gmt":"2020-10-12T15:03:26","slug":"oggi-posso-dire-di-aver-ritrovato-la-parola","status":"publish","type":"post","link":"https:\/\/lafenice.varieventuali.it\/?p=702","title":{"rendered":"Oggi posso dire di aver ritrovato la parola"},"content":{"rendered":"<p>LA SVOLTA E&#8217; STATA POTERMI CONFRONTARE CON LA SOCIETA&#8217;.<\/p>\n<p><img loading=\"lazy\" decoding=\"async\" class=\" wp-image-703 alignleft\" src=\"http:\/\/lafenice.varieventuali.it\/wp-content\/uploads\/2020\/10\/words-300x200.jpg\" alt=\"\" width=\"404\" height=\"270\" srcset=\"https:\/\/lafenice.varieventuali.it\/wp-content\/uploads\/2020\/10\/words-300x200.jpg 300w, https:\/\/lafenice.varieventuali.it\/wp-content\/uploads\/2020\/10\/words-768x512.jpg 768w, https:\/\/lafenice.varieventuali.it\/wp-content\/uploads\/2020\/10\/words-1024x683.jpg 1024w, https:\/\/lafenice.varieventuali.it\/wp-content\/uploads\/2020\/10\/words-110x73.jpg 110w, https:\/\/lafenice.varieventuali.it\/wp-content\/uploads\/2020\/10\/words-420x280.jpg 420w, https:\/\/lafenice.varieventuali.it\/wp-content\/uploads\/2020\/10\/words-645x430.jpg 645w, https:\/\/lafenice.varieventuali.it\/wp-content\/uploads\/2020\/10\/words.jpg 1600w\" sizes=\"auto, (max-width: 404px) 100vw, 404px\" \/>Quest&#8217; anno la redazione \u201cLa Fenice\u201d compie due anni di attivit\u00e0. Attivit\u00e0 voluta e portata avanti con impegno dalla nostra cara direttrice Olivia Realis Luc, che le ha dedicato quasi ogni attimo del suo prezioso tempo. Tutta l&#8217;attivit\u00e0 \u00e8 volta al recupero ed all&#8217;inserimento dei detenuti, con l&#8217;obiettivo che questi intraprendano la via della legalit\u00e0, una volta finito di scontare la pena.<br \/>\nPer un anno e pi\u00f9 ho frequentato la redazione all&#8217;interno del gruppo di discussione, ora da circa due anni ne faccio parte a tempo pieno. Quando ho chiesto di frequentare la redazione \u201cLa Fenice\u201d, l&#8217;ho fatto pi\u00f9 che altro per curiosit\u00e0. Le prime volte che mi sono trovato seduto attorno al tavolo di discussione ero imbarazzato e non sapevo neanche esprimermi. Poi Olivia e gli altri volontari mi hanno aiutato ad uscire da quello stato di mutismo e da quell&#8217;antica sub-cultura che si era radicata nella mia mente.<br \/>\nOggi posso dire che ho ritrovato la parola, mi si sono riaperti gli occhi e riesco a vedere le cose sotto un&#8217;altra luce. E&#8217; stato un lungo percorso quello che mi ha portato al cambiamento: ci sono stati momenti di vera difficolt\u00e0 nel capire come una persona, dopo 40 anni di carcere possa voltare pagina. Se tutto questo \u00e8 stato possibile \u00e8 perch\u00e9 mi sono imposto di acquisire nuovi strumenti, come quelli di scrivere, di sapermi esprimere, superando quella timidezza che per tanti anni mi ero portato dentro.<br \/>\nIn questo istituto la svolta \u00e8 stata quella di potermi confrontare con la societ\u00e0, subendo anche delle critiche che mi hanno messo davvero a dura prova, facendomi maturare sempre di pi\u00f9 la consapevolezza degli errori commessi nella mia ormai lontana giovent\u00f9. Per molti anni mi sono messo ad ascoltare le tante testimonianze dei miei compagni di detenzione, per comprendere come dovevo rispondere ai volontari.<br \/>\nCertamente, dietro tutto questo c&#8217;\u00e8 stato un faticoso lavoro che ancora affronto, rivolgendo uno sguardo diverso al mio passato. Mettersi in gioco, porgere il viso alla societ\u00e0 e magari spiegare le cause che mi hanno indotto a prendere una strada sbagliata non \u00e8 stato semplice.<br \/>\nQuanti anni sono passati e quanti istituti ho dovuto girovagare per dimostrare che un ragazzo fattosi uomo nelle patrie galere ha radicalmente cambiato la sua direzione di marcia. Se tutto questo \u00e8 stato possibile, lo devo alla redazione \u201cLa Fenice\u201d ed ai volontari che hanno lavorato al mio fianco, aprendomi gli occhi e la mente.<br \/>\nTante sono state le salite per chi vive una condanna con un fine pena nel 9999 (Mai!), e in pi\u00f9 di 40 anni trascorsi dietro muri alti oltre la mia veduta, ci sono stati momenti di sconforto, di delusione, la voglia di non credere pi\u00f9 a nessuno. Per puro caso, quattro anni fa sono capitato in questo carcere, che non \u00e8 una bellezza ed ha i suoi difetti, anche se forse meno della stragrande maggioranza degli istituti di pena del nostro Paese e quando mi \u00e8 stato proposto di andare a catechismo, non mi sono tirato indietro, perch\u00e9 dovevo superare le mie paure e difficolt\u00e0.<br \/>\nMa tutto \u00e8 iniziato con scetticismo, perch\u00e9 ero talmente convinto che nessuno mai mi avrebbe teso una mano, che mi ero fossilizzato dietro le mie ragioni da stupido, perch\u00e9 non capivo, non avevo quelle nozioni che adesso mi permettono di ragionare con pi\u00f9 chiarezza.<br \/>\nAscoltando le persone che mi seguono con fiducia, ho imparato ad accettare la fragilit\u00e0 che esiste in ognuno di noi, adesso sono una persona pi\u00f9 limpida e determinata perch\u00e9 sono orgoglioso del mio cambiamento, che da solo non potevo fare, non ne ero capace, non c&#8217;erano gli stimoli giusti, n\u00e9 le persone adatte che mi seguissero con interesse. Perch\u00e9 nessuno si pu\u00f2 educare da solo, vivendo una carcerazione da \u201cghetto\u201d, e questa \u00e8 stata la mia carcerazione prima di approdare in questo istituto. Se alcuni spiragli si sono aperti nella mia vita, lo devo ai volontari come Ada, Marta, Chiara ed altri che mi hanno condotto verso un mondo di confronto e di dialogo, mettendomi davanti alle mie responsabilit\u00e0, lavorando sul mio terribile passato, giorno dopo giorno ed ascoltando tutte quelle parole sulla responsabilit\u00e0 che prima erano incomprensibili per me. Oggi sono in grado di rispondere a qualsiasi domanda dei volontari, usando le parole giuste, imparando il rispetto delle regole ed affrontando a viso aperto qualsiasi critica senza voltarmi dall&#8217;altra parte.<br \/>\nDal saggio di Albert Camus \u201cL&#8217;uomo in rivolta\u201d ricordo che ho letto&#8230; \u201cL&#8217; uomo che dice no, \u00e8 anche l&#8217;uomo che dice si.\u201d<\/p>\n<p><em>Michelangelo D.<br \/>\n(Uomo Ombra)<\/em><\/p>\n<p>Per contattare la Redazione La Fenice o commentare l\u2019articolo scrivi a\u00a0 \u00a0<a href=\"mailto:redazione.lafenice@varieventuali.it\" data-aalisten=\"1\">redazione.lafenice@varieventuali.it<\/a>\u00a0oppure accedi a Facebook alla pagina\u00a0<em>la fenice &#8211; il giornale dal carcere di ivrea<\/em><\/p>\n","protected":false},"excerpt":{"rendered":"<p>LA SVOLTA E&#8217; STATA POTERMI CONFRONTARE CON LA SOCIETA&#8217;. Quest&#8217; anno la redazione \u201cLa Fenice\u201d compie due anni di attivit\u00e0. Attivit\u00e0 voluta e portata avanti con impegno dalla nostra cara direttrice Olivia Realis Luc, che le ha dedicato quasi ogni attimo del suo prezioso tempo. Tutta l&#8217;attivit\u00e0 \u00e8 volta al recupero ed all&#8217;inserimento dei detenuti, [&hellip;]<\/p>\n","protected":false},"author":1,"featured_media":703,"comment_status":"closed","ping_status":"open","sticky":false,"template":"","format":"standard","meta":{"footnotes":""},"categories":[7],"tags":[],"class_list":["post-702","post","type-post","status-publish","format-standard","has-post-thumbnail","hentry","category-attivita-e-iniziative"],"_links":{"self":[{"href":"https:\/\/lafenice.varieventuali.it\/index.php?rest_route=\/wp\/v2\/posts\/702","targetHints":{"allow":["GET"]}}],"collection":[{"href":"https:\/\/lafenice.varieventuali.it\/index.php?rest_route=\/wp\/v2\/posts"}],"about":[{"href":"https:\/\/lafenice.varieventuali.it\/index.php?rest_route=\/wp\/v2\/types\/post"}],"author":[{"embeddable":true,"href":"https:\/\/lafenice.varieventuali.it\/index.php?rest_route=\/wp\/v2\/users\/1"}],"replies":[{"embeddable":true,"href":"https:\/\/lafenice.varieventuali.it\/index.php?rest_route=%2Fwp%2Fv2%2Fcomments&post=702"}],"version-history":[{"count":4,"href":"https:\/\/lafenice.varieventuali.it\/index.php?rest_route=\/wp\/v2\/posts\/702\/revisions"}],"predecessor-version":[{"id":708,"href":"https:\/\/lafenice.varieventuali.it\/index.php?rest_route=\/wp\/v2\/posts\/702\/revisions\/708"}],"wp:featuredmedia":[{"embeddable":true,"href":"https:\/\/lafenice.varieventuali.it\/index.php?rest_route=\/wp\/v2\/media\/703"}],"wp:attachment":[{"href":"https:\/\/lafenice.varieventuali.it\/index.php?rest_route=%2Fwp%2Fv2%2Fmedia&parent=702"}],"wp:term":[{"taxonomy":"category","embeddable":true,"href":"https:\/\/lafenice.varieventuali.it\/index.php?rest_route=%2Fwp%2Fv2%2Fcategories&post=702"},{"taxonomy":"post_tag","embeddable":true,"href":"https:\/\/lafenice.varieventuali.it\/index.php?rest_route=%2Fwp%2Fv2%2Ftags&post=702"}],"curies":[{"name":"wp","href":"https:\/\/api.w.org\/{rel}","templated":true}]}}